{"id":791,"date":"2023-06-01T15:46:53","date_gmt":"2023-06-01T15:46:53","guid":{"rendered":"https:\/\/inspiracapital.com.br\/portal\/?p=791"},"modified":"2023-06-01T15:46:54","modified_gmt":"2023-06-01T15:46:54","slug":"equilibrio","status":"publish","type":"post","link":"https:\/\/inspiracapital.com.br\/portal\/equilibrio\/","title":{"rendered":"Equil\u00edbrio: a chave para a sa\u00fade mental e a produtividade no trabalho\u00a0"},"content":{"rendered":"\n<p>O equil\u00edbrio entre vida pessoal e profissional \u00e9 <strong>fundamental <\/strong>para garantir a qualidade de vida das pessoas.\u00a0<\/p>\n\n\n\n<p>Quando as pessoas t\u00eam tempo para cuidar de si mesmas, praticar atividades f\u00edsicas, hobbies e estar com seus entes queridos, elas se sentem mais felizes e motivadas, o que pode levar a uma maior produtividade no trabalho.&nbsp;<\/p>\n\n\n\n<p>Uma pesquisa realizada pela consultoria de recursos humanos Randstad revelou que 81% dos brasileiros buscam mais equil\u00edbrio entre a vida profissional e pessoal, o que est\u00e1 acima da m\u00e9dia global de 67%.&nbsp;<\/p>\n\n\n\n<p>O estudo contou com a participa\u00e7\u00e3o de mais de 27 mil pessoas de 34 pa\u00edses e aponta para um fen\u00f4meno que a consultoria chama de &#8220;grande ilumina\u00e7\u00e3o&#8221;. Esse fen\u00f4meno representa o despertar dos trabalhadores, o qual dever\u00e1 ser percebido pelo mercado a partir de agora.&nbsp;<\/p>\n\n\n\n<blockquote class=\"wp-block-quote is-layout-flow wp-block-quote-is-layout-flow\">\n<p>&#8220;A pandemia trouxe uma nova no\u00e7\u00e3o de realidade, com h\u00e1bitos digitais e um aprendizado constante&#8221;, disse o presidente da Randstad, Fabio Battaglia.&nbsp;<\/p>\n<\/blockquote>\n\n\n\n<p>Ele tamb\u00e9m destaca que a necessidade de mudar aspectos das carreiras \u00e9 mais evidente em cargos administrativos, j\u00e1 que muitos profissionais trabalharam em home office e precisaram conciliar suas atividades pessoais e profissionais dentro de casa, o que n\u00e3o ocorre tanto em \u00e1reas operacionais.&nbsp;<\/p>\n\n\n\n<p>Muitas empresas t\u00eam percebido a<strong> import\u00e2ncia do equil\u00edbrio entre vida pessoal e profissional<\/strong> para a produtividade e o bem-estar de seus funcion\u00e1rios.\u00a0<\/p>\n\n\n\n<p>Algumas empresas t\u00eam adotado pol\u00edticas flex\u00edveis de trabalho, como hor\u00e1rios alternativos, home office e licen\u00e7a paternidade estendida, para incentivar seus funcion\u00e1rios a terem um equil\u00edbrio saud\u00e1vel entre trabalho e vida pessoal.&nbsp;<\/p>\n\n\n\n<p>\u00c9 imprescind\u00edvel que empresa e colaborador trabalhem em conjunto para encontrar solu\u00e7\u00f5es que permitam o equil\u00edbrio entre vida pessoal e profissional.&nbsp;<\/p>\n\n\n\n<p>No entanto, antes de qualquer a\u00e7\u00e3o, \u00e9 fundamental que haja uma compreens\u00e3o clara do significado desse equil\u00edbrio.&nbsp;<\/p>\n\n\n\n<h2 class=\"wp-block-heading\"><strong>O que significa ter equil\u00edbrio entre vida pessoal e profissional?<\/strong>&nbsp;<\/h2>\n\n\n\n<p>Encontrar harmonia entre a vida pessoal e profissional \u00e9 fundamental para o sucesso na carreira e bem-estar do colaborador.\u00a0<\/p>\n\n\n\n<p>Quando o equil\u00edbrio \u00e9 alcan\u00e7ado, h\u00e1 uma <strong>melhoria significativa na qualidade de vida do indiv\u00edduo<\/strong>, aumentando sua produtividade e engajamento no trabalho.\u00a0<\/p>\n\n\n\n<p>Essa \u00e9 uma das principais raz\u00f5es pelas quais muitas empresas est\u00e3o cada vez mais preocupadas com a sa\u00fade emocional e mental de seus funcion\u00e1rios.&nbsp;<\/p>\n\n\n\n<p>Al\u00e9m disso, quando o colaborador tem tempo para cuidar de sua vida pessoal, pode se dedicar a atividades que estimulam o bem-estar f\u00edsico e emocional, como a pr\u00e1tica de exerc\u00edcios f\u00edsicos, medita\u00e7\u00e3o ou hobbies, que ajudam a reduzir o estresse e a ansiedade.&nbsp;<\/p>\n\n\n\n<p><strong>Isso n\u00e3o apenas melhora a qualidade de vida, mas tamb\u00e9m tem um impacto positivo na produtividade e na criatividade.\u00a0<\/strong><\/p>\n\n\n\n<p>Quando falamos de equil\u00edbrio entre vida pessoal e profissional, muitas pessoas pensam em simplesmente ter tempo livre suficiente para se dedicar a suas atividades fora do trabalho.&nbsp;<\/p>\n\n\n\n<p>No entanto, \u00e9 importante lembrar que esse equil\u00edbrio tamb\u00e9m envolve o controle do tempo gasto no trabalho. Trabalhar longas horas pode levar a estresse e esgotamento, prejudicando tanto a vida pessoal quanto profissional.&nbsp;<\/p>\n\n\n\n<h2 class=\"wp-block-heading\"><strong>Benef\u00edcios de promover o equil\u00edbrio entre vida pessoal e profissional no trabalho<\/strong>&nbsp;<\/h2>\n\n\n\n<p>O equil\u00edbrio entre a vida pessoal e profissional no ambiente de trabalho \u00e9 um fator <strong>fundamental <\/strong>para garantir o <strong>bem-estar dos colaboradores<\/strong> e, consequentemente, a produtividade da empresa.\u00a0<\/p>\n\n\n\n<p>Nesse sentido, apresentamos a seguir alguns dos principais benef\u00edcios que essa pr\u00e1tica pode trazer. Continue a leitura!&nbsp;<\/p>\n\n\n\n<h3 class=\"wp-block-heading\"><strong>Redu\u00e7\u00e3o do estresse e da sobrecarga<\/strong>&nbsp;<\/h3>\n\n\n\n<p>A busca pelo equil\u00edbrio entre a vida pessoal e profissional \u00e9 um grande desafio para muitos colaboradores.&nbsp;<\/p>\n\n\n\n<p>A falta desse equil\u00edbrio pode resultar em um ac\u00famulo de tarefas e responsabilidades que causam sobrecarga emocional e f\u00edsica. Isso pode levar ao estresse e, consequentemente, prejudicar a sa\u00fade mental e f\u00edsica dos trabalhadores.&nbsp;<\/p>\n\n\n\n<p>Ao promover o equil\u00edbrio entre a vida pessoal e profissional,<strong> a empresa pode contribuir significativamente para a redu\u00e7\u00e3o do estresse e da sobrecarga dos colaboradores<\/strong>.\u00a0<\/p>\n\n\n\n<p>A possibilidade de flexibiliza\u00e7\u00e3o de hor\u00e1rios e locais de trabalho, por exemplo, pode permitir que os funcion\u00e1rios tenham tempo para cuidar da sua sa\u00fade, praticar atividades f\u00edsicas e se dedicar \u00e0s atividades pessoais.&nbsp;<\/p>\n\n\n\n<p>Dessa forma, eles conseguem manter um equil\u00edbrio saud\u00e1vel entre a vida profissional e pessoal, o que ajuda a reduzir o estresse e aumentar a qualidade de vida.&nbsp;<\/p>\n\n\n\n<h3 class=\"wp-block-heading\"><strong>Aumento da produtividade<\/strong>&nbsp;<\/h3>\n\n\n\n<p>Quando os colaboradores conseguem equilibrar suas atividades pessoais e profissionais, \u00e9 poss\u00edvel notar uma melhora significativa na sua produtividade.&nbsp;<\/p>\n\n\n\n<p>Isso ocorre porque o equil\u00edbrio proporciona um maior n\u00edvel de concentra\u00e7\u00e3o e energia para realizar as tarefas do dia a dia, evitando a sensa\u00e7\u00e3o de sobrecarga e estresse.&nbsp;<\/p>\n\n\n\n<p>Outro ponto importante \u00e9 a rela\u00e7\u00e3o entre a satisfa\u00e7\u00e3o pessoal e o desempenho no trabalho. <strong>Colaboradores que se sentem felizes e realizados em sua vida pessoal tendem a ter uma perspectiva mais positiva sobre o trabalho<\/strong>, o que pode resultar em um aumento na motiva\u00e7\u00e3o e no engajamento com as atividades da empresa.\u00a0<\/p>\n\n\n\n<p>Esse engajamento pode se refletir em uma maior dedica\u00e7\u00e3o \u00e0s tarefas, assim como em um melhor relacionamento com colegas e superiores.&nbsp;<\/p>\n\n\n\n<h3 class=\"wp-block-heading\"><strong>Est\u00edmulo \u00e0 criatividade e \u00e0 inova\u00e7\u00e3o<\/strong>&nbsp;<\/h3>\n\n\n\n<p>\u00c9 comum que, durante a rotina de trabalho, as pessoas se sintam exaustas e sem inspira\u00e7\u00e3o para encontrar solu\u00e7\u00f5es criativas para os desafios enfrentados no ambiente corporativo.&nbsp;<\/p>\n\n\n\n<p>Por\u00e9m, quando os colaboradores t\u00eam tempo para dedicar-se a outras atividades fora do trabalho, como hobbies, pr\u00e1ticas esportivas, conv\u00edvio com a fam\u00edlia e amigos, eles conseguem desligar a mente do trabalho e recarregar as energias.&nbsp;<\/p>\n\n\n\n<p>Dessa forma, ao voltarem ao ambiente profissional, est\u00e3o mais dispostos e com a mente fresca para pensar em solu\u00e7\u00f5es criativas e inovadoras.&nbsp;<\/p>\n\n\n\n<p>Al\u00e9m disso, <strong>a pr\u00e1tica de hobbies e atividades f\u00edsicas pode trazer benef\u00edcios \u00e0 sa\u00fade f\u00edsica e mental dos colaboradores<\/strong>, contribuindo para um melhor desempenho no trabalho. Isso, consequentemente, pode aumentar a competitividade e o sucesso da empresa no mercado.\u00a0<\/p>\n\n\n\n<p>Agora que voc\u00ea j\u00e1 sabe os benef\u00edcios, vamos apontar quais s\u00e3o os preju\u00edzos. Continue a leitura!&nbsp;<\/p>\n\n\n\n<h2 class=\"wp-block-heading\"><strong>Preju\u00edzos em n\u00e3o promover o equil\u00edbrio entre vida pessoal e profissional no trabalho<\/strong>&nbsp;<\/h2>\n\n\n\n<p>Voc\u00ea j\u00e1 deve ter entendido que a falta de equil\u00edbrio entre a vida pessoal e profissional pode acarretar preju\u00edzos significativos para os colaboradores e para a empresa, n\u00e3o \u00e9 mesmo?&nbsp;<\/p>\n\n\n\n<p>Abaixo, listamos alguns dos principais impactos negativos dessa situa\u00e7\u00e3o:&nbsp;<\/p>\n\n\n\n<h3 class=\"wp-block-heading\"><strong>Aumento do estresse e da sobrecarga<\/strong>&nbsp;<\/h3>\n\n\n\n<p>A falta de equil\u00edbrio entre a vida pessoal e profissional pode levar a uma s\u00e9rie de preju\u00edzos tanto para os colaboradores quanto para a empresa.&nbsp;<\/p>\n\n\n\n<p>Quando os colaboradores n\u00e3o conseguem dedicar tempo suficiente para atividades pessoais e de lazer, e consequentemente se sentem <strong>sobrecarregados com as responsabilidades do trabalho<\/strong>, podem enfrentar <strong>problemas de sa\u00fade f\u00edsica e mental<\/strong>.\u00a0<\/p>\n\n\n\n<p>A sobrecarga e o estresse cr\u00f4nicos podem levar a problemas de sa\u00fade como doen\u00e7as cardiovasculares, ins\u00f4nia, ansiedade e depress\u00e3o.&nbsp;<\/p>\n\n\n\n<p>Al\u00e9m disso, o desequil\u00edbrio entre vida pessoal e profissional pode afetar negativamente a produtividade dos colaboradores, que podem ter dificuldades em manter o foco e a concentra\u00e7\u00e3o no trabalho.&nbsp;<\/p>\n\n\n\n<p>Isso pode levar a atrasos nas entregas de projetos e tarefas, e afetar a qualidade do trabalho realizado.&nbsp;<\/p>\n\n\n\n<h3 class=\"wp-block-heading\"><strong>Redu\u00e7\u00e3o da qualidade de vida<\/strong>&nbsp;<\/h3>\n\n\n\n<p>Os colaboradores podem se sentir sobrecarregados e sem tempo para dedicar a outras atividades que s\u00e3o importantes para sua qualidade de vida caso n\u00e3o haja equil\u00edbrio entre a vida pessoal e profissional.&nbsp;<\/p>\n\n\n\n<p>A falta de tempo para o lazer e o conv\u00edvio com a fam\u00edlia e amigos pode gerar um <strong>sentimento de frustra\u00e7\u00e3o e insatisfa\u00e7\u00e3o<\/strong>, al\u00e9m de aumentar o <strong>estresse e a ansiedade<\/strong>.<\/p>\n\n\n\n<p>Isso pode levar a problemas de sa\u00fade mental, como a depress\u00e3o, que afetam diretamente a qualidade de vida dos colaboradores.\u00a0<\/p>\n\n\n\n<p>Al\u00e9m disso, a falta de equil\u00edbrio pode comprometer a sa\u00fade f\u00edsica dos colaboradores, uma vez que a falta de tempo para atividades f\u00edsicas e a m\u00e1 alimenta\u00e7\u00e3o podem levar a doen\u00e7as cr\u00f4nicas.&nbsp;<\/p>\n\n\n\n<h3 class=\"wp-block-heading\"><strong>Aumento do absente\u00edsmo e da rotatividade<\/strong>&nbsp;<\/h3>\n\n\n\n<p>Colaboradores que se sentem sobrecarregados e insatisfeitos tendem a faltar mais ao trabalho e, em alguns casos, a deixar a empresa.<\/p>\n\n\n\n<p>Isso pode levar a uma <strong>rotatividade de funcion\u00e1rios mais alta<\/strong>, o que gera custos para a empresa, al\u00e9m de comprometer a continuidade de projetos e a qualidade dos servi\u00e7os prestados.\u00a0<\/p>\n\n\n\n<p>Portanto, \u00e9 essencial que as empresas se preocupem com o equil\u00edbrio entre vida pessoal e profissional de seus colaboradores, n\u00e3o apenas para promover um ambiente de trabalho saud\u00e1vel e produtivo, mas tamb\u00e9m para garantir a qualidade de vida e o bem-estar dos seus colaboradores.&nbsp;<\/p>\n\n\n\n<h2 class=\"wp-block-heading\"><strong>Conclus\u00e3o&nbsp;<\/strong>&nbsp;<\/h2>\n\n\n\n<p>A promo\u00e7\u00e3o do equil\u00edbrio entre vida pessoal e profissional n\u00e3o deve ser vista como um luxo, mas sim como uma necessidade para garantir a sa\u00fade e a felicidade dos colaboradores.&nbsp;<\/p>\n\n\n\n<p>\u00c9 importante lembrar que a vida profissional \u00e9 apenas uma parte da vida como um todo, e que a neglig\u00eancia em rela\u00e7\u00e3o \u00e0s outras \u00e1reas pode levar a consequ\u00eancias negativas, tanto para o indiv\u00edduo quanto para a empresa.&nbsp;<\/p>\n\n\n\n<p>Por isso, \u00e9 fundamental que as empresas incentivem a pr\u00e1tica desse equil\u00edbrio, oferecendo flexibilidade de hor\u00e1rios, programas de bem-estar e outras iniciativas que valorizem a sa\u00fade e a qualidade de vida dos funcion\u00e1rios.&nbsp;<\/p>\n\n\n\n<p>Al\u00e9m disso, <strong>\u00e9 importante que os pr\u00f3prios colaboradores sejam respons\u00e1veis por sua sa\u00fade f\u00edsica e mental<\/strong>, buscando formas de cuidar de si mesmos e estabelecendo limites saud\u00e1veis entre a vida pessoal e profissional.\u00a0<\/p>\n\n\n\n<p>Isso pode incluir a pr\u00e1tica de atividades f\u00edsicas, a medita\u00e7\u00e3o, o tempo livre para hobbies e o estabelecimento de uma rotina que priorize momentos de lazer e conv\u00edvio com amigos e familiares.<\/p>\n\n\n\n<p>Ao fazer isso, os colaboradores estar\u00e3o investindo em sua pr\u00f3pria felicidade e bem-estar, o que se refletir\u00e1 positivamente em sua vida profissional.\u00a0<\/p>\n\n\n\n<p>Por fim, \u00e9 importante destacar que a busca pelo equil\u00edbrio entre vida pessoal e profissional n\u00e3o \u00e9 um processo f\u00e1cil ou instant\u00e2neo. <strong>Requer esfor\u00e7o, comprometimento e uma mudan\u00e7a de mindset em rela\u00e7\u00e3o \u00e0 vida e ao trabalho.\u00a0<\/strong><\/p>\n","protected":false},"excerpt":{"rendered":"<p>O equil\u00edbrio entre vida pessoal e profissional \u00e9 fundamental para garantir a qualidade de vida das pessoas.\u00a0<\/p>\n","protected":false},"author":3,"featured_media":792,"comment_status":"open","ping_status":"open","sticky":false,"template":"","format":"standard","meta":{"footnotes":""},"categories":[120],"tags":[233,17,37,38,234,59],"class_list":["post-791","post","type-post","status-publish","format-standard","has-post-thumbnail","hentry","category-recursos-humanos","tag-equilibrio","tag-gestao","tag-organizacao","tag-produtividade","tag-saude-mental","tag-trabalho"],"yoast_head":"<!-- This site is optimized with the Yoast SEO plugin v27.1.1 - https:\/\/yoast.com\/product\/yoast-seo-wordpress\/ -->\n<title>Equil\u00edbrio: a chave para a sa\u00fade mental e a produtividade - Inspira<\/title>\n<meta name=\"description\" content=\"O equil\u00edbrio entre vida pessoal e profissional \u00e9 fundamental para garantir a qualidade de vida das pessoas.\u00a0\" \/>\n<meta name=\"robots\" content=\"index, follow, max-snippet:-1, max-image-preview:large, max-video-preview:-1\" \/>\n<link rel=\"canonical\" href=\"https:\/\/inspiracapital.com.br\/portal\/equilibrio\/\" \/>\n<meta property=\"og:locale\" content=\"pt_BR\" \/>\n<meta property=\"og:type\" content=\"article\" \/>\n<meta property=\"og:title\" content=\"Equil\u00edbrio: a chave para a sa\u00fade mental e a produtividade - Inspira\" \/>\n<meta property=\"og:description\" content=\"O equil\u00edbrio entre vida pessoal e profissional \u00e9 fundamental para garantir a qualidade de vida das pessoas.\u00a0\" \/>\n<meta property=\"og:url\" content=\"https:\/\/inspiracapital.com.br\/portal\/equilibrio\/\" \/>\n<meta property=\"og:site_name\" content=\"Portal Inspira Capital\" \/>\n<meta property=\"article:published_time\" content=\"2023-06-01T15:46:53+00:00\" \/>\n<meta property=\"article:modified_time\" content=\"2023-06-01T15:46:54+00:00\" \/>\n<meta property=\"og:image\" content=\"https:\/\/inspiracapital.com.br\/portal\/wp-content\/uploads\/2023\/06\/equilibrio.jpg\" \/>\n\t<meta property=\"og:image:width\" content=\"1280\" \/>\n\t<meta property=\"og:image:height\" content=\"853\" \/>\n\t<meta property=\"og:image:type\" content=\"image\/jpeg\" \/>\n<meta name=\"author\" content=\"Ricardo Dias\" \/>\n<meta name=\"twitter:card\" content=\"summary_large_image\" \/>\n<meta name=\"twitter:label1\" content=\"Escrito por\" \/>\n\t<meta name=\"twitter:data1\" content=\"Ricardo Dias\" \/>\n\t<meta name=\"twitter:label2\" content=\"Est. tempo de leitura\" \/>\n\t<meta name=\"twitter:data2\" content=\"9 minutos\" \/>\n<script type=\"application\/ld+json\" class=\"yoast-schema-graph\">{\"@context\":\"https:\/\/schema.org\",\"@graph\":[{\"@type\":\"Article\",\"@id\":\"https:\/\/inspiracapital.com.br\/portal\/equilibrio\/#article\",\"isPartOf\":{\"@id\":\"https:\/\/inspiracapital.com.br\/portal\/equilibrio\/\"},\"author\":{\"name\":\"Ricardo Dias\",\"@id\":\"https:\/\/inspiracapital.com.br\/portal\/#\/schema\/person\/eced12c0b1a9be9beba9e46914b70f31\"},\"headline\":\"Equil\u00edbrio: a chave para a sa\u00fade mental e a produtividade no trabalho\u00a0\",\"datePublished\":\"2023-06-01T15:46:53+00:00\",\"dateModified\":\"2023-06-01T15:46:54+00:00\",\"mainEntityOfPage\":{\"@id\":\"https:\/\/inspiracapital.com.br\/portal\/equilibrio\/\"},\"wordCount\":1795,\"commentCount\":0,\"publisher\":{\"@id\":\"https:\/\/inspiracapital.com.br\/portal\/#organization\"},\"image\":{\"@id\":\"https:\/\/inspiracapital.com.br\/portal\/equilibrio\/#primaryimage\"},\"thumbnailUrl\":\"https:\/\/inspiracapital.com.br\/portal\/wp-content\/uploads\/2023\/06\/equilibrio.jpg\",\"keywords\":[\"equilibrio\",\"gest\u00e3o\",\"organiza\u00e7\u00e3o\",\"produtividade\",\"saude mental\",\"trabalho\"],\"articleSection\":[\"Recursos Humanos\"],\"inLanguage\":\"pt-BR\",\"potentialAction\":[{\"@type\":\"CommentAction\",\"name\":\"Comment\",\"target\":[\"https:\/\/inspiracapital.com.br\/portal\/equilibrio\/#respond\"]}]},{\"@type\":\"WebPage\",\"@id\":\"https:\/\/inspiracapital.com.br\/portal\/equilibrio\/\",\"url\":\"https:\/\/inspiracapital.com.br\/portal\/equilibrio\/\",\"name\":\"Equil\u00edbrio: a chave para a sa\u00fade mental e a produtividade - Inspira\",\"isPartOf\":{\"@id\":\"https:\/\/inspiracapital.com.br\/portal\/#website\"},\"primaryImageOfPage\":{\"@id\":\"https:\/\/inspiracapital.com.br\/portal\/equilibrio\/#primaryimage\"},\"image\":{\"@id\":\"https:\/\/inspiracapital.com.br\/portal\/equilibrio\/#primaryimage\"},\"thumbnailUrl\":\"https:\/\/inspiracapital.com.br\/portal\/wp-content\/uploads\/2023\/06\/equilibrio.jpg\",\"datePublished\":\"2023-06-01T15:46:53+00:00\",\"dateModified\":\"2023-06-01T15:46:54+00:00\",\"description\":\"O equil\u00edbrio entre vida pessoal e profissional \u00e9 fundamental para garantir a qualidade de vida das pessoas.\u00a0\",\"breadcrumb\":{\"@id\":\"https:\/\/inspiracapital.com.br\/portal\/equilibrio\/#breadcrumb\"},\"inLanguage\":\"pt-BR\",\"potentialAction\":[{\"@type\":\"ReadAction\",\"target\":[\"https:\/\/inspiracapital.com.br\/portal\/equilibrio\/\"]}]},{\"@type\":\"ImageObject\",\"inLanguage\":\"pt-BR\",\"@id\":\"https:\/\/inspiracapital.com.br\/portal\/equilibrio\/#primaryimage\",\"url\":\"https:\/\/inspiracapital.com.br\/portal\/wp-content\/uploads\/2023\/06\/equilibrio.jpg\",\"contentUrl\":\"https:\/\/inspiracapital.com.br\/portal\/wp-content\/uploads\/2023\/06\/equilibrio.jpg\",\"width\":1280,\"height\":853,\"caption\":\"Equil\u00edbrio: a chave para a sa\u00fade mental e a produtividade no trabalho\u00a0\"},{\"@type\":\"BreadcrumbList\",\"@id\":\"https:\/\/inspiracapital.com.br\/portal\/equilibrio\/#breadcrumb\",\"itemListElement\":[{\"@type\":\"ListItem\",\"position\":1,\"name\":\"In\u00edcio\",\"item\":\"https:\/\/inspiracapital.com.br\/portal\/\"},{\"@type\":\"ListItem\",\"position\":2,\"name\":\"Equil\u00edbrio: a chave para a sa\u00fade mental e a produtividade no trabalho\u00a0\"}]},{\"@type\":\"WebSite\",\"@id\":\"https:\/\/inspiracapital.com.br\/portal\/#website\",\"url\":\"https:\/\/inspiracapital.com.br\/portal\/\",\"name\":\"Portal Inspira Capital\",\"description\":\"Portal Inspira Capital\",\"publisher\":{\"@id\":\"https:\/\/inspiracapital.com.br\/portal\/#organization\"},\"potentialAction\":[{\"@type\":\"SearchAction\",\"target\":{\"@type\":\"EntryPoint\",\"urlTemplate\":\"https:\/\/inspiracapital.com.br\/portal\/?s={search_term_string}\"},\"query-input\":{\"@type\":\"PropertyValueSpecification\",\"valueRequired\":true,\"valueName\":\"search_term_string\"}}],\"inLanguage\":\"pt-BR\"},{\"@type\":\"Organization\",\"@id\":\"https:\/\/inspiracapital.com.br\/portal\/#organization\",\"name\":\"Inspira Capital\",\"alternateName\":\"IC\",\"url\":\"https:\/\/inspiracapital.com.br\/portal\/\",\"logo\":{\"@type\":\"ImageObject\",\"inLanguage\":\"pt-BR\",\"@id\":\"https:\/\/inspiracapital.com.br\/portal\/#\/schema\/logo\/image\/\",\"url\":\"https:\/\/inspiracapital.com.br\/portal\/wp-content\/uploads\/2024\/09\/Design-sem-nome-2025-12-20T120219.772-scaled.png\",\"contentUrl\":\"https:\/\/inspiracapital.com.br\/portal\/wp-content\/uploads\/2024\/09\/Design-sem-nome-2025-12-20T120219.772-scaled.png\",\"width\":1920,\"height\":2560,\"caption\":\"Inspira Capital\"},\"image\":{\"@id\":\"https:\/\/inspiracapital.com.br\/portal\/#\/schema\/logo\/image\/\"}},{\"@type\":\"Person\",\"@id\":\"https:\/\/inspiracapital.com.br\/portal\/#\/schema\/person\/eced12c0b1a9be9beba9e46914b70f31\",\"name\":\"Ricardo Dias\",\"image\":{\"@type\":\"ImageObject\",\"inLanguage\":\"pt-BR\",\"@id\":\"https:\/\/inspiracapital.com.br\/portal\/#\/schema\/person\/image\/\",\"url\":\"https:\/\/secure.gravatar.com\/avatar\/ae5ae60a9e22bd8677fa2095a679a6b1d4fbefbe2330b52188ba9f3967553ea9?s=96&d=mm&r=g\",\"contentUrl\":\"https:\/\/secure.gravatar.com\/avatar\/ae5ae60a9e22bd8677fa2095a679a6b1d4fbefbe2330b52188ba9f3967553ea9?s=96&d=mm&r=g\",\"caption\":\"Ricardo Dias\"},\"sameAs\":[\"https:\/\/inspiracapital.com.br\/\"],\"url\":\"https:\/\/inspiracapital.com.br\/portal\/author\/ricardo\/\"}]}<\/script>\n<!-- \/ Yoast SEO plugin. -->","yoast_head_json":{"title":"Equil\u00edbrio: a chave para a sa\u00fade mental e a produtividade - Inspira","description":"O equil\u00edbrio entre vida pessoal e profissional \u00e9 fundamental para garantir a qualidade de vida das pessoas.\u00a0","robots":{"index":"index","follow":"follow","max-snippet":"max-snippet:-1","max-image-preview":"max-image-preview:large","max-video-preview":"max-video-preview:-1"},"canonical":"https:\/\/inspiracapital.com.br\/portal\/equilibrio\/","og_locale":"pt_BR","og_type":"article","og_title":"Equil\u00edbrio: a chave para a sa\u00fade mental e a produtividade - Inspira","og_description":"O equil\u00edbrio entre vida pessoal e profissional \u00e9 fundamental para garantir a qualidade de vida das pessoas.\u00a0","og_url":"https:\/\/inspiracapital.com.br\/portal\/equilibrio\/","og_site_name":"Portal Inspira Capital","article_published_time":"2023-06-01T15:46:53+00:00","article_modified_time":"2023-06-01T15:46:54+00:00","og_image":[{"width":1280,"height":853,"url":"https:\/\/inspiracapital.com.br\/portal\/wp-content\/uploads\/2023\/06\/equilibrio.jpg","type":"image\/jpeg"}],"author":"Ricardo Dias","twitter_card":"summary_large_image","twitter_misc":{"Escrito por":"Ricardo Dias","Est. tempo de leitura":"9 minutos"},"schema":{"@context":"https:\/\/schema.org","@graph":[{"@type":"Article","@id":"https:\/\/inspiracapital.com.br\/portal\/equilibrio\/#article","isPartOf":{"@id":"https:\/\/inspiracapital.com.br\/portal\/equilibrio\/"},"author":{"name":"Ricardo Dias","@id":"https:\/\/inspiracapital.com.br\/portal\/#\/schema\/person\/eced12c0b1a9be9beba9e46914b70f31"},"headline":"Equil\u00edbrio: a chave para a sa\u00fade mental e a produtividade no trabalho\u00a0","datePublished":"2023-06-01T15:46:53+00:00","dateModified":"2023-06-01T15:46:54+00:00","mainEntityOfPage":{"@id":"https:\/\/inspiracapital.com.br\/portal\/equilibrio\/"},"wordCount":1795,"commentCount":0,"publisher":{"@id":"https:\/\/inspiracapital.com.br\/portal\/#organization"},"image":{"@id":"https:\/\/inspiracapital.com.br\/portal\/equilibrio\/#primaryimage"},"thumbnailUrl":"https:\/\/inspiracapital.com.br\/portal\/wp-content\/uploads\/2023\/06\/equilibrio.jpg","keywords":["equilibrio","gest\u00e3o","organiza\u00e7\u00e3o","produtividade","saude mental","trabalho"],"articleSection":["Recursos Humanos"],"inLanguage":"pt-BR","potentialAction":[{"@type":"CommentAction","name":"Comment","target":["https:\/\/inspiracapital.com.br\/portal\/equilibrio\/#respond"]}]},{"@type":"WebPage","@id":"https:\/\/inspiracapital.com.br\/portal\/equilibrio\/","url":"https:\/\/inspiracapital.com.br\/portal\/equilibrio\/","name":"Equil\u00edbrio: a chave para a sa\u00fade mental e a produtividade - Inspira","isPartOf":{"@id":"https:\/\/inspiracapital.com.br\/portal\/#website"},"primaryImageOfPage":{"@id":"https:\/\/inspiracapital.com.br\/portal\/equilibrio\/#primaryimage"},"image":{"@id":"https:\/\/inspiracapital.com.br\/portal\/equilibrio\/#primaryimage"},"thumbnailUrl":"https:\/\/inspiracapital.com.br\/portal\/wp-content\/uploads\/2023\/06\/equilibrio.jpg","datePublished":"2023-06-01T15:46:53+00:00","dateModified":"2023-06-01T15:46:54+00:00","description":"O equil\u00edbrio entre vida pessoal e profissional \u00e9 fundamental para garantir a qualidade de vida das pessoas.\u00a0","breadcrumb":{"@id":"https:\/\/inspiracapital.com.br\/portal\/equilibrio\/#breadcrumb"},"inLanguage":"pt-BR","potentialAction":[{"@type":"ReadAction","target":["https:\/\/inspiracapital.com.br\/portal\/equilibrio\/"]}]},{"@type":"ImageObject","inLanguage":"pt-BR","@id":"https:\/\/inspiracapital.com.br\/portal\/equilibrio\/#primaryimage","url":"https:\/\/inspiracapital.com.br\/portal\/wp-content\/uploads\/2023\/06\/equilibrio.jpg","contentUrl":"https:\/\/inspiracapital.com.br\/portal\/wp-content\/uploads\/2023\/06\/equilibrio.jpg","width":1280,"height":853,"caption":"Equil\u00edbrio: a chave para a sa\u00fade mental e a produtividade no trabalho\u00a0"},{"@type":"BreadcrumbList","@id":"https:\/\/inspiracapital.com.br\/portal\/equilibrio\/#breadcrumb","itemListElement":[{"@type":"ListItem","position":1,"name":"In\u00edcio","item":"https:\/\/inspiracapital.com.br\/portal\/"},{"@type":"ListItem","position":2,"name":"Equil\u00edbrio: a chave para a sa\u00fade mental e a produtividade no trabalho\u00a0"}]},{"@type":"WebSite","@id":"https:\/\/inspiracapital.com.br\/portal\/#website","url":"https:\/\/inspiracapital.com.br\/portal\/","name":"Portal Inspira Capital","description":"Portal Inspira Capital","publisher":{"@id":"https:\/\/inspiracapital.com.br\/portal\/#organization"},"potentialAction":[{"@type":"SearchAction","target":{"@type":"EntryPoint","urlTemplate":"https:\/\/inspiracapital.com.br\/portal\/?s={search_term_string}"},"query-input":{"@type":"PropertyValueSpecification","valueRequired":true,"valueName":"search_term_string"}}],"inLanguage":"pt-BR"},{"@type":"Organization","@id":"https:\/\/inspiracapital.com.br\/portal\/#organization","name":"Inspira Capital","alternateName":"IC","url":"https:\/\/inspiracapital.com.br\/portal\/","logo":{"@type":"ImageObject","inLanguage":"pt-BR","@id":"https:\/\/inspiracapital.com.br\/portal\/#\/schema\/logo\/image\/","url":"https:\/\/inspiracapital.com.br\/portal\/wp-content\/uploads\/2024\/09\/Design-sem-nome-2025-12-20T120219.772-scaled.png","contentUrl":"https:\/\/inspiracapital.com.br\/portal\/wp-content\/uploads\/2024\/09\/Design-sem-nome-2025-12-20T120219.772-scaled.png","width":1920,"height":2560,"caption":"Inspira Capital"},"image":{"@id":"https:\/\/inspiracapital.com.br\/portal\/#\/schema\/logo\/image\/"}},{"@type":"Person","@id":"https:\/\/inspiracapital.com.br\/portal\/#\/schema\/person\/eced12c0b1a9be9beba9e46914b70f31","name":"Ricardo Dias","image":{"@type":"ImageObject","inLanguage":"pt-BR","@id":"https:\/\/inspiracapital.com.br\/portal\/#\/schema\/person\/image\/","url":"https:\/\/secure.gravatar.com\/avatar\/ae5ae60a9e22bd8677fa2095a679a6b1d4fbefbe2330b52188ba9f3967553ea9?s=96&d=mm&r=g","contentUrl":"https:\/\/secure.gravatar.com\/avatar\/ae5ae60a9e22bd8677fa2095a679a6b1d4fbefbe2330b52188ba9f3967553ea9?s=96&d=mm&r=g","caption":"Ricardo Dias"},"sameAs":["https:\/\/inspiracapital.com.br\/"],"url":"https:\/\/inspiracapital.com.br\/portal\/author\/ricardo\/"}]}},"_links":{"self":[{"href":"https:\/\/inspiracapital.com.br\/portal\/wp-json\/wp\/v2\/posts\/791","targetHints":{"allow":["GET"]}}],"collection":[{"href":"https:\/\/inspiracapital.com.br\/portal\/wp-json\/wp\/v2\/posts"}],"about":[{"href":"https:\/\/inspiracapital.com.br\/portal\/wp-json\/wp\/v2\/types\/post"}],"author":[{"embeddable":true,"href":"https:\/\/inspiracapital.com.br\/portal\/wp-json\/wp\/v2\/users\/3"}],"replies":[{"embeddable":true,"href":"https:\/\/inspiracapital.com.br\/portal\/wp-json\/wp\/v2\/comments?post=791"}],"version-history":[{"count":1,"href":"https:\/\/inspiracapital.com.br\/portal\/wp-json\/wp\/v2\/posts\/791\/revisions"}],"predecessor-version":[{"id":793,"href":"https:\/\/inspiracapital.com.br\/portal\/wp-json\/wp\/v2\/posts\/791\/revisions\/793"}],"wp:featuredmedia":[{"embeddable":true,"href":"https:\/\/inspiracapital.com.br\/portal\/wp-json\/wp\/v2\/media\/792"}],"wp:attachment":[{"href":"https:\/\/inspiracapital.com.br\/portal\/wp-json\/wp\/v2\/media?parent=791"}],"wp:term":[{"taxonomy":"category","embeddable":true,"href":"https:\/\/inspiracapital.com.br\/portal\/wp-json\/wp\/v2\/categories?post=791"},{"taxonomy":"post_tag","embeddable":true,"href":"https:\/\/inspiracapital.com.br\/portal\/wp-json\/wp\/v2\/tags?post=791"}],"curies":[{"name":"wp","href":"https:\/\/api.w.org\/{rel}","templated":true}]}}