{"id":662,"date":"2023-03-31T23:48:10","date_gmt":"2023-03-31T23:48:10","guid":{"rendered":"https:\/\/inspiracapital.com.br\/portal\/?p=662"},"modified":"2024-02-06T18:02:38","modified_gmt":"2024-02-06T18:02:38","slug":"mei","status":"publish","type":"post","link":"https:\/\/inspiracapital.com.br\/portal\/mei\/","title":{"rendered":"Voc\u00ea sabe o que \u00e9 MEI? [Guia completo]\u00a0"},"content":{"rendered":"\n<p>No ano de 2008, com o objetivo de formalizar e facilitar a vida dos pequenos empreendedores, o Governo Federal criou a categoria MEI (Microempreendedor Individual).&nbsp;<\/p>\n\n\n\n<p>Com a formaliza\u00e7\u00e3o de trabalhadores aut\u00f4nomos e empreendedores que antes atuavam na informalidade, o MEI tem contribu\u00eddo para o crescimento do pa\u00eds, gerando empregos e movimentando a economia.&nbsp;<\/p>\n\n\n\n<p>O <strong>microempreendedor individual<\/strong> tem se tornado uma op\u00e7\u00e3o cada vez mais popular para empreendedores que desejam come\u00e7ar seu pr\u00f3prio neg\u00f3cio de forma legal e com menos burocracia.&nbsp;<\/p>\n\n\n\n<p>Com o MEI, \u00e9 poss\u00edvel come\u00e7ar um neg\u00f3cio e ir <strong>expandindo aos poucos<\/strong>, de acordo com as demandas do mercado e as oportunidades que surgirem. Iniciando com um baixo investimento inicial, ele se torna uma alternativa vi\u00e1vel para quem deseja empreender de forma mais segura e com menos riscos.&nbsp;<\/p>\n\n\n\n<p><strong>Neste texto, vamos explorar tudo o que envolve o MEI, suas vantagens, al\u00e9m de esclarecer algumas d\u00favidas comuns sobre o assunto.<\/strong>&nbsp;<\/p>\n\n\n\n<p>Se interessou pelo assunto? Continue a leitura para saber mais sobre esse tema importante!&nbsp;<\/p>\n\n\n\n<p>Confira os t\u00f3picos deste artigo.&nbsp;<\/p>\n\n\n\n<h2 class=\"wp-block-heading\"><strong>O que \u00e9 MEI?<\/strong>&nbsp;<\/h2>\n\n\n\n<p>Como j\u00e1 dissemos no in\u00edcio do texto, <strong>MEI <\/strong>\u00e9 a sigla para Microempreendedor Individual, uma categoria empresarial criada pelo governo brasileiro em 2008 com o objetivo de formalizar trabalhadores aut\u00f4nomos e empreendedores individuais que atuam na informalidade.&nbsp;<\/p>\n\n\n\n<p><strong>Ser oficialmente credenciado como MEI permite que o empreendedor tenha seu pr\u00f3prio CNPJ, emita contas e tenha acesso a diversos benef\u00edcios previdenci\u00e1rios.<\/strong>&nbsp;<\/p>\n\n\n\n<p>Al\u00e9m de autoriza\u00e7\u00e3o para emitir notas fiscais, o empreendedor credenciado como MEI tem outras vantagens como menor burocracia, tributa\u00e7\u00e3o simplificada, facilidade de abertura de conta banc\u00e1ria, acesso a cr\u00e9dito e a possibilidade de participar de licita\u00e7\u00f5es p\u00fablicas.&nbsp;<\/p>\n\n\n\n<p>A categoria, regulamentada pela <a href=\"https:\/\/www.planalto.gov.br\/ccivil_03\/leis\/lcp\/lcp128.htm\" target=\"_blank\" rel=\"noreferrer noopener\">Lei Complementar n\u00ba 128\/2008<\/a>, \u00e9 voltada para pessoas que trabalham por conta pr\u00f3pria e faturam at\u00e9 R$ 81.000,00 por ano, podendo contratar apenas um funcion\u00e1rio.&nbsp;<\/p>\n\n\n\n<p>Mas quais os requisitos para ser um microempreendedor individual? Leia o pr\u00f3ximo t\u00f3pico para sanar essa d\u00favida.&nbsp;<\/p>\n\n\n\n<h2 class=\"wp-block-heading\"><strong>Quais s\u00e3o os requisitos para ser um microempreendedor?<\/strong>&nbsp;<\/h2>\n\n\n\n<p>Antes de se cadastrar, \u00e9 importante que o empreendedor se certifique de cumprir todos os requisitos para evitar problemas futuros. Al\u00e9m disso, o MEI possui diversas obriga\u00e7\u00f5es como o faturamento anual e o pagamento mensal do DAS (Documento do Simples Nacional) que devem ser cumpridas para manter a empresa regularizada.&nbsp;<\/p>\n\n\n\n<p>Vale lembrar que o processo de cadastramento do MEI \u00e9 gratuito e pode ser feito online no <a href=\"https:\/\/www.gov.br\/empresas-e-negocios\/pt-br\/empreendedor\" target=\"_blank\" rel=\"noreferrer noopener\">Portal do Empreendedor<\/a>.&nbsp;&nbsp;<\/p>\n\n\n\n<p>Para ser registrado como Microempreendedor Individual (MEI), \u00e9 necess\u00e1rio atender a alguns requisitos estabelecidos pela legisla\u00e7\u00e3o brasileira. Quer se tornar MEI? Acompanhe a lista de requisitos:&nbsp;<\/p>\n\n\n\n<h3 class=\"wp-block-heading\"><strong>Faturamento anual<\/strong>&nbsp;<\/h3>\n\n\n\n<p>O empreendedor deve faturar at\u00e9 R$ 81.000,00 por ano, o que equivale a uma m\u00e9dia de R$ 6.750,00 por m\u00eas.&nbsp;<\/p>\n\n\n\n<h3 class=\"wp-block-heading\"><strong>N\u00e3o possuir s\u00f3cios<\/strong>&nbsp;<\/h3>\n\n\n\n<p>O empreendedor<strong> n\u00e3o pode<\/strong> ter participa\u00e7\u00e3o em outra empresa como s\u00f3cio ou titular.&nbsp;<\/p>\n\n\n\n<h3 class=\"wp-block-heading\"><strong>Atividade permitida<\/strong>&nbsp;<\/h3>\n\n\n\n<p><strong>A atividade empresarial deve estar entre as permitidas pela legisla\u00e7\u00e3o para o MEI<\/strong>. A lista completa das atividades pode ser encontrada no Portal do Empreendedor.&nbsp;<\/p>\n\n\n\n<h3 class=\"wp-block-heading\"><strong>N\u00e3o ter empregados<\/strong>&nbsp;<\/h3>\n\n\n\n<p>O MEI pode ter no <strong>m\u00e1ximo um funcion\u00e1rio contratado<\/strong>, com sal\u00e1rio m\u00ednimo ou piso da categoria.&nbsp;<\/p>\n\n\n\n<h3 class=\"wp-block-heading\"><strong>Ser maior de 18 anos ou emancipado<\/strong>&nbsp;<\/h3>\n\n\n\n<p>O MEI deve ter pelo menos<strong> 18 anos<\/strong> ou ser emancipado para poder se registrar como empres\u00e1rio individual.&nbsp;<\/p>\n\n\n\n<p>No pr\u00f3ximo t\u00f3pico, explicaremos quem n\u00e3o pode ser MEI.&nbsp;<\/p>\n\n\n\n<h2 class=\"wp-block-heading\"><strong>Quem n\u00e3o pode ser MEI?<\/strong>&nbsp;<\/h2>\n\n\n\n<p>Como j\u00e1 dissemos anteriormente, Microempreendedor Individual (MEI) foi criado pelo Governo Federal para facilitar o estabelecimento formal de pequenos neg\u00f3cios. Por\u00e9m, \u00e9 importante ressaltar que existem restri\u00e7\u00f5es que impedem que alguns empreendedores sejam inclu\u00eddos nessa categoria empresarial.&nbsp;&nbsp;<\/p>\n\n\n\n<p>Entre essas restri\u00e7\u00f5es, podemos listar:&nbsp;<\/p>\n\n\n\n<h3 class=\"wp-block-heading\"><strong>Menores de idade<\/strong>&nbsp;<\/h3>\n\n\n\n<p>Para ser MEI <strong>\u00e9 necess\u00e1rio ter pelo menos 18 anos de idade<\/strong> ou ser emancipado.&nbsp;<\/p>\n\n\n\n<h3 class=\"wp-block-heading\"><strong>Servidores p\u00fablicos<\/strong>&nbsp;<\/h3>\n\n\n\n<p>Servidores p\u00fablicos federais, estaduais e municipais, bem como aqueles que ocupam cargos comissionados ou s\u00e3o empregados de empresas p\u00fablicas ou de sociedades de economia mista,<strong> n\u00e3o podem<\/strong> se tornar MEI.&nbsp;<\/p>\n\n\n\n<h3 class=\"wp-block-heading\"><strong>S\u00f3cios em outras empresas<\/strong>&nbsp;<\/h3>\n\n\n\n<p>O MEI <strong>n\u00e3o pode ser s\u00f3cio ou titular de outra empresa<\/strong>, independentemente do tipo de sociedade ou porte da empresa.&nbsp;<\/p>\n\n\n\n<h3 class=\"wp-block-heading\"><strong>Faturamento anual acima do limite<\/strong>&nbsp;<\/h3>\n\n\n\n<p><strong>O MEI pode faturar at\u00e9 R$ 81.000,00 por ano.<\/strong> Se o faturamento ultrapassar esse limite, o empreendedor deve solicitar seu desenquadramento do MEI e se enquadrar em outra categoria empresarial.&nbsp;<\/p>\n\n\n\n<h3 class=\"wp-block-heading\"><strong>Atividades n\u00e3o permitidas<\/strong>&nbsp;<\/h3>\n\n\n\n<p><strong>Nem todas as atividades empresariais podem ser enquadradas como MEI<\/strong>. Algumas atividades s\u00e3o consideradas incompat\u00edveis com o regime tribut\u00e1rio do MEI e, por isso, n\u00e3o s\u00e3o permitidas. A lista completa de atividades permitidas pode ser consultada no Portal do Empreendedor.&nbsp;<\/p>\n\n\n\n<p>\u00c9 importante lembrar que o descumprimento dessas exig\u00eancias pode acarretar a <strong>desclassifica\u00e7\u00e3o <\/strong>do MEI e no pagamento de multas e impostos retroativos. Por isso, \u00e9 importante que o empreendedor verifique se preenche todas as condi\u00e7\u00f5es antes de se registrar como MEI.&nbsp;<\/p>\n\n\n\n<p>Vamos entender quais consequ\u00eancias negativas podem surgir caso um MEI n\u00e3o siga as regras estabelecidas pelo Governo Federal? Vamos l\u00e1!&nbsp;<\/p>\n\n\n\n<p class=\"has-text-align-center\"><strong>Leia Tamb\u00e9m: <a href=\"https:\/\/inspiracapital.com.br\/portal\/pro-labore\/\">Entenda tudo sobre o Pr\u00f3 Labore<\/a><\/strong><\/p>\n\n\n\n<h2 class=\"wp-block-heading\"><strong>Quais as consequ\u00eancias podem surgir se um MEI n\u00e3o seguir as adequa\u00e7\u00f5es estabelecidas pela legisla\u00e7\u00e3o brasileira?<\/strong>&nbsp;<\/h2>\n\n\n\n<p>Voc\u00ea j\u00e1 deve ter entendido que \u00e9 importante seguir as regras ao abrir um MEI, certo? Mas, por curiosidade, \u00e9 importante tamb\u00e9m saber que, se por acaso, um Microempreendedor Individual (MEI) n\u00e3o segue as adequa\u00e7\u00f5es estabelecidas pela legisla\u00e7\u00e3o, pode enfrentar algumas consequ\u00eancias negativas.&nbsp;<\/p>\n\n\n\n<p>Como exemplo, podemos citar:&nbsp;<\/p>\n\n\n\n<h3 class=\"wp-block-heading\"><strong>Multas e juros<\/strong><\/h3>\n\n\n\n<p>O MEI que n\u00e3o cumpre com suas obriga\u00e7\u00f5es tribut\u00e1rias, como o pagamento do DAS (Documento de Arrecada\u00e7\u00e3o do Simples Nacional) ou a entrega da declara\u00e7\u00e3o anual de faturamento, pode ser <strong>multado <\/strong>e ter que pagar juros sobre o valor devido.&nbsp;<\/p>\n\n\n\n<h3 class=\"wp-block-heading\"><strong>Exclus\u00e3o do regime do MEI<\/strong>&nbsp;<\/h3>\n\n\n\n<p>O MEI que descumpre os requisitos para se enquadrar nessa categoria empresarial pode ser <strong>exclu\u00eddo<\/strong> do regime do MEI e ter que se enquadrar em outra categoria empresarial, com uma carga tribut\u00e1ria e burocr\u00e1tica mais complexa e onerosa.&nbsp;<\/p>\n\n\n\n<h3 class=\"wp-block-heading\"><strong>Perda de benef\u00edcios<\/strong>&nbsp;<\/h3>\n\n\n\n<p>O Microempreendedor Individual que n\u00e3o cumpre com suas obriga\u00e7\u00f5es perde o<strong> direito a benef\u00edcios<\/strong> como aposentadoria por idade, aux\u00edlio-doen\u00e7a, sal\u00e1rio-maternidade e pens\u00e3o por morte, que s\u00e3o garantidos aos empreendedores que est\u00e3o em dia com as suas contribui\u00e7\u00f5es previdenci\u00e1rias.&nbsp;<\/p>\n\n\n\n<h3 class=\"wp-block-heading\"><strong>Problemas com fornecedores e clientes<\/strong>&nbsp;<\/h3>\n\n\n\n<p>O MEI que n\u00e3o emite notas fiscais ou n\u00e3o est\u00e1 regularizado pode ter <strong>dificuldades <\/strong>para fechar <strong>contratos <\/strong>com fornecedores e clientes, uma vez que essas empresas preferem trabalhar com fornecedores regulares.&nbsp;<\/p>\n\n\n\n<h3 class=\"wp-block-heading\"><strong>Dificuldades financeiras<\/strong>&nbsp;<\/h3>\n\n\n\n<p>O n\u00e3o cumprimento das obriga\u00e7\u00f5es pode levar a MEI a enfrentar <strong>dificuldades financeiras<\/strong>, j\u00e1 que pode ter que arcar com multas, juros e impostos retroativos, al\u00e9m de ter dificuldades para conseguir empr\u00e9stimos banc\u00e1rios.&nbsp;<\/p>\n\n\n\n<p>Por isso, \u00e9 essencial que o MEI esteja atento \u00e0s suas obriga\u00e7\u00f5es e cumpra com todas as adequa\u00e7\u00f5es estabelecidas pela legisla\u00e7\u00e3o para manter sua empresa regularizada e evitar problemas futuros.&nbsp;<\/p>\n\n\n\n<p>No pr\u00f3ximo t\u00f3pico, explicaremos quais atividades se enquadram no MEI. Continue a leitura!&nbsp;<\/p>\n\n\n\n<h2 class=\"wp-block-heading\"><strong>Quais atividades se enquadram no MEI?<\/strong>&nbsp;<\/h2>\n\n\n\n<p>O Microempreendedor Individual (MEI) \u00e9 um regime tribut\u00e1rio simplificado criado para constituir formalmente pequenas empresas, portanto nem todas as atividades empresariais se enquadram no MEI. A lista de atividades permitidas \u00e9 definida pelo Comit\u00ea Gestor do Simples Nacional e \u00e9 atualizada regularmente.&nbsp;<\/p>\n\n\n\n<p>Diversas atividades podem ser classificadas como MEI, entre elas:&nbsp;<\/p>\n\n\n\n<ul class=\"wp-block-list\">\n<li><strong>Agricultura, pecu\u00e1ria, produ\u00e7\u00e3o florestal, pesca e aquicultura;<\/strong>&nbsp;<\/li>\n\n\n\n<li><strong>Ind\u00fastria de alimentos;<\/strong>&nbsp;<\/li>\n\n\n\n<li><strong>Artefatos de couro e cal\u00e7ados;<\/strong>&nbsp;<\/li>\n\n\n\n<li><strong>Fabrica\u00e7\u00e3o de artigos para uso dom\u00e9stico e pessoal;<\/strong>&nbsp;<\/li>\n\n\n\n<li><strong>Confec\u00e7\u00e3o de vestu\u00e1rio e acess\u00f3rios;<\/strong>&nbsp;<\/li>\n\n\n\n<li><strong>Fabrica\u00e7\u00e3o de bijuterias, joias e artefatos semelhantes;<\/strong>&nbsp;<\/li>\n\n\n\n<li><strong>Com\u00e9rcio de alimentos, bebidas e fumo;<\/strong>&nbsp;<\/li>\n\n\n\n<li><strong>Com\u00e9rcio de produtos diversos;<\/strong>&nbsp;<\/li>\n\n\n\n<li><strong>Conserto e manuten\u00e7\u00e3o de objetos pessoais e dom\u00e9sticos;<\/strong>&nbsp;<\/li>\n\n\n\n<li><strong>Educa\u00e7\u00e3o, instru\u00e7\u00e3o, treinamento e avalia\u00e7\u00e3o f\u00edsica;<\/strong>&nbsp;<\/li>\n\n\n\n<li><strong>Elabora\u00e7\u00e3o de programas de inform\u00e1tica;<\/strong>&nbsp;<\/li>\n\n\n\n<li><strong>Instala\u00e7\u00e3o e manuten\u00e7\u00e3o de redes e equipamentos de inform\u00e1tica;<\/strong>&nbsp;<\/li>\n\n\n\n<li><strong>Presta\u00e7\u00e3o de servi\u00e7os de beleza e est\u00e9tica;<\/strong>&nbsp;<\/li>\n\n\n\n<li><strong>Servi\u00e7os de constru\u00e7\u00e3o, manuten\u00e7\u00e3o e repara\u00e7\u00e3o de edif\u00edcios;<\/strong>&nbsp;<\/li>\n\n\n\n<li><strong>Servi\u00e7os de consultoria empresarial e financeira.<\/strong>&nbsp;<\/li>\n<\/ul>\n\n\n\n<p>Como dica, \u00e9 fundamental consultar as atividades permitidas antes de formalizar um neg\u00f3cio como MEI. Dessa forma, voc\u00ea pode prevenir problemas futuros e, at\u00e9 mesmo, o encerramento do seu neg\u00f3cio.&nbsp;<\/p>\n\n\n\n<p>Mas e as atividades que n\u00e3o se enquadram no MEI? No pr\u00f3ximo t\u00f3pico, explicaremos quais atividades n\u00e3o se enquadram nessa categoria, vamos l\u00e1?&nbsp;<\/p>\n\n\n\n<h2 class=\"wp-block-heading\"><strong>Quais atividades n\u00e3o podem ser enquadradas como MEI?<\/strong>&nbsp;<\/h2>\n\n\n\n<p>No t\u00f3pico anterior, voc\u00ea entendeu quais s\u00e3o as atividades que se enquadram na categoria MEI. Obviamente, algumas atividades n\u00e3o podem ser enquadradas como Microempreendedor Individual (MEI), pois s\u00e3o consideradas incompat\u00edveis com esse regime tribut\u00e1rio simplificado.&nbsp;<\/p>\n\n\n\n<p>Entre elas, podemos citar:&nbsp;<\/p>\n\n\n\n<ul class=\"wp-block-list\">\n<li><strong>Servi\u00e7os financeiros, como bancos, corretoras, seguradoras, entre outros;<\/strong>&nbsp;<\/li>\n\n\n\n<li><strong>Servi\u00e7os advocat\u00edcios;<\/strong>&nbsp;<\/li>\n\n\n\n<li><strong>Servi\u00e7os de auditoria e contabilidade;<\/strong>&nbsp;<\/li>\n\n\n\n<li><strong>Servi\u00e7os t\u00e9cnicos que necessitam de forma\u00e7\u00e3o superior, como engenharia, arquitetura, medicina, odontologia, entre outros;<\/strong>&nbsp;<\/li>\n\n\n\n<li><strong>Servi\u00e7os de transporte de passageiros, exceto quando realizado em ve\u00edculos com capacidade de at\u00e9 6 passageiros e que esteja vinculado a aplicativos ou plataformas digitais de transporte remunerado privado individual de passageiros;<\/strong>&nbsp;<\/li>\n\n\n\n<li><strong>Servi\u00e7os de transporte de cargas, exceto quando realizado em ve\u00edculos de at\u00e9 3,5 toneladas e que n\u00e3o necessite de licenciamento municipal;<\/strong>&nbsp;<\/li>\n\n\n\n<li><strong>Fabrica\u00e7\u00e3o e com\u00e9rcio de armas, muni\u00e7\u00f5es, explosivos e fogos de artif\u00edcio;<\/strong>&nbsp;<\/li>\n\n\n\n<li><strong>Fabrica\u00e7\u00e3o e venda de produtos de tabaco;<\/strong>&nbsp;<\/li>\n\n\n\n<li><strong>Fabrica\u00e7\u00e3o e com\u00e9rcio de bebidas alco\u00f3licas;<\/strong>&nbsp;<\/li>\n\n\n\n<li><strong>Com\u00e9rcio de ve\u00edculos automotores, motocicletas, pe\u00e7as e acess\u00f3rios;<\/strong>&nbsp;<\/li>\n\n\n\n<li><strong>Com\u00e9rcio de combust\u00edveis;<\/strong>&nbsp;<\/li>\n\n\n\n<li><strong>Servi\u00e7os de divers\u00f5es e produ\u00e7\u00e3o de espet\u00e1culos em geral.<\/strong>&nbsp;<\/li>\n<\/ul>\n\n\n\n<p>Como j\u00e1 citamos anteriormente, \u00e9 importante lembrar que essa lista de atividades pode ser alterada pelo Comit\u00ea Gestor do Simples Nacional, respons\u00e1vel por regulamentar o MEI.&nbsp;<\/p>\n\n\n\n<p>Portanto, se voc\u00ea deseja abrir um MEI, \u00e9 fundamental consultar as atividades permitidas antes de formalizar um neg\u00f3cio como Microempreendedor Individual.&nbsp;<\/p>\n\n\n\n<p>Agora que voc\u00ea j\u00e1 entendeu como funciona as regras para abrir um MEI, vamos entender como abrir um MEI efetivamente. Vamos l\u00e1?&nbsp;<\/p>\n\n\n\n<h2 class=\"wp-block-heading\"><strong>Como abrir o MEI?&nbsp;<\/strong>&nbsp;<\/h2>\n\n\n\n<p>Para abrir um Microempreendedor Individual (MEI), \u00e9 preciso seguir os seguintes passos:&nbsp;<\/p>\n\n\n\n<ul class=\"wp-block-list\">\n<li><strong>Acesse o Portal do Empreendedor e clique em &#8220;Formalize-se&#8221;;<\/strong>&nbsp;<\/li>\n\n\n\n<li><strong>Informe o n\u00famero do seu CPF, data de nascimento, nome completo, t\u00edtulo de eleitor ou n\u00famero do recibo da declara\u00e7\u00e3o de Imposto de Renda Pessoa F\u00edsica (IRPF) dos \u00faltimos dois anos;<\/strong>&nbsp;<\/li>\n\n\n\n<li><strong>Preencha o formul\u00e1rio eletr\u00f4nico com as informa\u00e7\u00f5es solicitadas, como dados pessoais, atividade que deseja exercer, endere\u00e7o do neg\u00f3cio, entre outros;<\/strong>&nbsp;<\/li>\n\n\n\n<li><strong>Confirme as informa\u00e7\u00f5es prestadas e aguarde a aprova\u00e7\u00e3o do cadastro. Caso haja pend\u00eancias, o sistema ir\u00e1 inform\u00e1-las para que sejam corrigidas;<\/strong>&nbsp;<\/li>\n\n\n\n<li><strong>Ap\u00f3s a aprova\u00e7\u00e3o, imprima o Certificado de Microempreendedor Individual (CCMEI) e o Documento de Arrecada\u00e7\u00e3o do Simples Nacional (DAS), que \u00e9 a guia para pagamento dos impostos mensais;<\/strong>&nbsp;<\/li>\n\n\n\n<li><strong>Com o CCMEI em m\u00e3os, voc\u00ea j\u00e1 pode come\u00e7ar a exercer a atividade como MEI.<\/strong>&nbsp;<\/li>\n<\/ul>\n\n\n\n<p>Como j\u00e1 dissemos anteriormente, o processo de abertura \u00e9 totalmente gratuito e pode ser feito de forma online, sem a necessidade de comparecer a \u00f3rg\u00e3os p\u00fablicos ou cart\u00f3rios.&nbsp;<\/p>\n\n\n\n<p>Al\u00e9m disso, \u00e9 importante estar atento \u00e0s obriga\u00e7\u00f5es fiscais e tribut\u00e1rias, como o pagamento mensal do DAS e a declara\u00e7\u00e3o anual de faturamento, para n\u00e3o ter problemas com a legisla\u00e7\u00e3o.&nbsp;<\/p>\n\n\n\n<p>Mas quais s\u00e3o as obriga\u00e7\u00f5es de um MEI? No pr\u00f3ximo t\u00f3pico, explicaremos quais s\u00e3o essas obriga\u00e7\u00f5es legais. Continue a leitura!&nbsp;<\/p>\n\n\n\n<h2 class=\"wp-block-heading\"><strong>Quais s\u00e3o as obriga\u00e7\u00f5es de um MEI?<\/strong>&nbsp;<\/h2>\n\n\n\n<p>Voc\u00ea abriu o seu MEI? Que maravilha! Que tal entendermos sobre as suas obriga\u00e7\u00f5es como Microempreendedor Individual?&nbsp;<\/p>\n\n\n\n<p>Ap\u00f3s o cadastro como Microempreendedor Individual (MEI), \u00e9 importante que o empreendedor esteja atento \u00e0s suas <strong>obriga\u00e7\u00f5es fiscais e tribut\u00e1rias<\/strong> para manter a regularidade do seu neg\u00f3cio. Algumas das principais obriga\u00e7\u00f5es s\u00e3o:&nbsp;<\/p>\n\n\n\n<h3 class=\"wp-block-heading\"><strong>Pagamento do DAS<\/strong>&nbsp;<\/h3>\n\n\n\n<p>Todo m\u00eas,<strong> o MEI deve gerar e pagar o Documento de Arrecada\u00e7\u00e3o do Simples Nacional (DAS)<\/strong>, que inclui as contribui\u00e7\u00f5es previdenci\u00e1rias, imposto de renda e ICMS ou ISS, dependendo da atividade exercida.&nbsp;<\/p>\n\n\n\n<p>\u00c9 importante lembrar que o n\u00e3o pagamento do DAS pode acarretar multas e juros, al\u00e9m de impedir a emiss\u00e3o de notas fiscais e a participa\u00e7\u00e3o em licita\u00e7\u00f5es.&nbsp;<\/p>\n\n\n\n<h3 class=\"wp-block-heading\"><strong>Declara\u00e7\u00e3o anual de faturamento<\/strong>&nbsp;<\/h3>\n\n\n\n<p>Todos os anos,<strong> o MEI deve fazer a Declara\u00e7\u00e3o Anual do Simples Nacional (DASN-SIMEI)<\/strong>, informando o seu faturamento bruto do ano anterior. Essa declara\u00e7\u00e3o \u00e9 obrigat\u00f3ria mesmo que o empreendedor n\u00e3o tenha tido movimenta\u00e7\u00e3o financeira em determinado per\u00edodo.&nbsp;<\/p>\n\n\n\n<h3 class=\"wp-block-heading\"><strong>Emiss\u00e3o de notas fiscais<\/strong>&nbsp;<\/h3>\n\n\n\n<p>O MEI \u00e9 obrigado a <strong>emitir notas fiscais<\/strong> nas vendas de produtos ou presta\u00e7\u00e3o de servi\u00e7os para pessoas jur\u00eddicas (empresas). Para pessoas f\u00edsicas (consumidores finais), a emiss\u00e3o de notas fiscais n\u00e3o \u00e9 obrigat\u00f3ria, mas \u00e9 recomend\u00e1vel para fins de controle financeiro.&nbsp;<\/p>\n\n\n\n<h3 class=\"wp-block-heading\"><strong>Regulariza\u00e7\u00e3o de pend\u00eancias<\/strong>&nbsp;<\/h3>\n\n\n\n<p>Caso haja alguma pend\u00eancia fiscal ou tribut\u00e1ria, \u00e9 importante que o MEI <strong>regularize<\/strong> a situa\u00e7\u00e3o o mais r\u00e1pido poss\u00edvel para evitar problemas com o fisco.&nbsp;<\/p>\n\n\n\n<p>Al\u00e9m dessas obriga\u00e7\u00f5es, \u00e9 importante que o MEI fa\u00e7a um <strong>controle financeiro<\/strong> rigoroso do seu neg\u00f3cio, separando as finan\u00e7as pessoais das finan\u00e7as do empreendimento e mantendo um registro detalhado das receitas e despesas.&nbsp;<\/p>\n\n\n\n<p>Tamb\u00e9m \u00e9 importante estar atento \u00e0s oportunidades de capacita\u00e7\u00e3o e networking, participando de eventos, cursos e feiras do seu setor para se manter atualizado e ampliar a rede de contatos.&nbsp;<\/p>\n\n\n\n<p>Uma pergunta frequente sobre o assunto \u00e9 se o microempreendedor individual precisa pagar imposto de renda. No pr\u00f3ximo t\u00f3pico, responderemos a essa quest\u00e3o.&nbsp;<\/p>\n\n\n\n<h2 class=\"wp-block-heading\"><strong>Quem \u00e9 MEI tem que pagar imposto de renda?&nbsp;<\/strong>&nbsp;<\/h2>\n\n\n\n<p><strong>Sim, o Microempreendedor Individual (MEI) est\u00e1 sujeito ao pagamento do Imposto de Renda Pessoa F\u00edsica (IRPF), caso obtenha rendimentos acima do limite definido pela Receita Federal.<\/strong>&nbsp;<\/p>\n\n\n\n<p>O MEI \u00e9 tributado pelo Simples Nacional, que abrange impostos como o ISS, ICMS e a contribui\u00e7\u00e3o previdenci\u00e1ria.&nbsp;<\/p>\n\n\n\n<p>\u00c9 importante destacar que o IRPF \u00e9 um imposto pessoal e, portanto, deve ser pago pelo MEI na condi\u00e7\u00e3o de pessoa f\u00edsica e n\u00e3o de pessoa jur\u00eddica. Consequentemente, o MEI deve apresentar a declara\u00e7\u00e3o do Imposto de Renda, informando seus rendimentos como MEI e tamb\u00e9m como pessoa f\u00edsica, se aplic\u00e1vel.&nbsp;<\/p>\n\n\n\n<p>Portanto, <strong>o MEI deve fazer a declara\u00e7\u00e3o do Imposto de Renda como qualquer outro contribuinte<\/strong>, informando os seus rendimentos como MEI e tamb\u00e9m os seus rendimentos como pessoa f\u00edsica, se houver.&nbsp;<\/p>\n\n\n\n<p>Mas qual o custo para abrir uma empresa MEI? Continue a leitura para entender melhor sobre esse assunto.&nbsp;<\/p>\n\n\n\n<h2 class=\"wp-block-heading\"><strong>Qual o custo para abrir uma empresa MEI?<\/strong>&nbsp;<\/h2>\n\n\n\n<p><strong>O custo para abrir uma empresa MEI (Microempreendedor Individual) \u00e9 baixo e acess\u00edvel.<\/strong> Atualmente, o valor para o registro como MEI \u00e9 zero, ou seja, n\u00e3o h\u00e1 custo para a formaliza\u00e7\u00e3o do neg\u00f3cio.&nbsp;<\/p>\n\n\n\n<p>No entanto, existem algumas despesas mensais que precisam ser pagas, incluindo o Documento de Arrecada\u00e7\u00e3o do Simples Nacional (DAS), que engloba as contribui\u00e7\u00f5es previdenci\u00e1rias, o ICMS (para atividades de com\u00e9rcio) ou o ISS (para atividades de presta\u00e7\u00e3o de servi\u00e7os) e, se necess\u00e1rio, o alvar\u00e1 de funcionamento.&nbsp;<\/p>\n\n\n\n<p>O valor do DAS \u00e9 determinado de acordo com a atividade exercida pelo MEI e \u00e9 calculado com base no sal\u00e1rio m\u00ednimo vigente. Em 2022, o valor m\u00ednimo era de R$ 56,00 e o m\u00e1ximo \u00e9 de R$ 61,00, dependendo da atividade. Esses valores incluem as contribui\u00e7\u00f5es previdenci\u00e1rias, o ICMS ou ISS e o valor fixo do Simples Nacional.&nbsp;<\/p>\n\n\n\n<p>Quanto ao alvar\u00e1 de funcionamento, os custos podem variar de acordo com a cidade e o estado onde o neg\u00f3cio est\u00e1 localizado. Em alguns casos, \u00e9 poss\u00edvel obt\u00ea-lo gratuitamente, enquanto em outros \u00e9 necess\u00e1rio arcar com taxas e emolumentos.&nbsp;<\/p>\n\n\n\n<p>Vamos entender quais s\u00e3o os direitos do MEI? Continue a leitura!&nbsp;<\/p>\n\n\n\n<h2 class=\"wp-block-heading\"><strong>Quais s\u00e3o os direitos do microempreendedor individual?&nbsp;<\/strong>&nbsp;<\/h2>\n\n\n\n<p>O Microempreendedor Individual possui diversos direitos, tanto em rela\u00e7\u00e3o \u00e0 sua empresa quanto \u00e0 sua pessoa f\u00edsica. Dentre os principais direitos do MEI, podemos destacar:&nbsp;<\/p>\n\n\n\n<h3 class=\"wp-block-heading\"><strong>Acesso a benef\u00edcios previdenci\u00e1rios<\/strong>&nbsp;<\/h3>\n\n\n\n<p>Um ponto importante \u00e9 o acesso a diversos <strong>benef\u00edcios previdenci\u00e1rios<\/strong>, como aposentadoria, aux\u00edlio-doen\u00e7a e sal\u00e1rio-maternidade, desde que esteja em dia com suas contribui\u00e7\u00f5es previdenci\u00e1rias.&nbsp;<\/p>\n\n\n\n<h3 class=\"wp-block-heading\"><strong>Facilidade na abertura de conta banc\u00e1ria<\/strong>&nbsp;<\/h3>\n\n\n\n<p>\u00c9 poss\u00edvel a <strong>abertura de conta banc\u00e1ria empresarial de forma simplificada<\/strong>, o que facilita o acesso a servi\u00e7os financeiros.&nbsp;<\/p>\n\n\n\n<h3 class=\"wp-block-heading\"><strong>Isen\u00e7\u00e3o de impostos federais<\/strong>&nbsp;<\/h3>\n\n\n\n<p>Enquadrado no Simples Nacional, o Microempreendedor Individual lhe \u00e9 conferido de <strong>isen\u00e7\u00e3o de diversos impostos federais<\/strong> como IRPJ, PIS, COFINS, IPI e CSLL.&nbsp;<\/p>\n\n\n\n<h3 class=\"wp-block-heading\"><strong>Possibilidade de contrata\u00e7\u00e3o de um funcion\u00e1rio<\/strong>&nbsp;<\/h3>\n\n\n\n<p>Uma vantagem significativa \u00e9 o fato de ser <strong>poss\u00edvel a contrata\u00e7\u00e3o de um funcion\u00e1rio<\/strong> com carteira assinada, desde que respeite as regras e limites estabelecidos pela legisla\u00e7\u00e3o trabalhista.&nbsp;<\/p>\n\n\n\n<h3 class=\"wp-block-heading\"><strong>Capacita\u00e7\u00e3o e consultoria<\/strong>&nbsp;<\/h3>\n\n\n\n<p>O Microempreendedor Individual pode contar com <strong>servi\u00e7os de capacita\u00e7\u00e3o e consultoria gratuitos<\/strong> oferecidos pelo Sebrae, o que pode ajudar no desenvolvimento de suas habilidades empreendedoras e no sucesso de sua empresa.&nbsp;<\/p>\n\n\n\n<p>No pr\u00f3ximo t\u00f3pico, explicaremos os benef\u00edcios do MEI. Vamos l\u00e1?&nbsp;<\/p>\n\n\n\n<h2 class=\"wp-block-heading\"><strong>Quais s\u00e3o os benef\u00edcios do microempreendedor individual?<\/strong>&nbsp;<\/h2>\n\n\n\n<p>O MEI conta com uma variedade de vantagens que simplificam o processo de formaliza\u00e7\u00e3o e o crescimento de sua empresa. Por isso, decidimos listar alguns desses <strong>benef\u00edcios<\/strong>.&nbsp;<\/p>\n\n\n\n<p>Continue a leitura e acompanhe os pr\u00f3ximos t\u00f3picos!&nbsp;<\/p>\n\n\n\n<h3 class=\"wp-block-heading\"><strong>Registro simplificado<\/strong>&nbsp;<\/h3>\n\n\n\n<p>Como j\u00e1 falamos anteriormente, \u00e9 poss\u00edvel<strong> registrar-se como MEI de forma simples pela internet<\/strong>, sem a necessidade de contratar um contador. \u00c9 ou n\u00e3o \u00e9 super pr\u00e1tico?&nbsp;<\/p>\n\n\n\n<h3 class=\"wp-block-heading\"><strong>Carga tribut\u00e1ria reduzida<\/strong>&nbsp;<\/h3>\n\n\n\n<p>O MEI paga um <strong>valor fixo mensal de impostos<\/strong>, que inclui as contribui\u00e7\u00f5es previdenci\u00e1rias, o ICMS (para atividades de com\u00e9rcio) ou o ISS (para atividades de presta\u00e7\u00e3o de servi\u00e7os) e o valor fixo do Simples Nacional. Esse valor \u00e9 baixo em compara\u00e7\u00e3o a outras modalidades de empresa.&nbsp;<\/p>\n\n\n\n<h3 class=\"wp-block-heading\"><strong>Acesso a cr\u00e9dito<\/strong>&nbsp;<\/h3>\n\n\n\n<p>O Microempreendedor Individual tem a possibilidade de <strong>acessar linhas de cr\u00e9dito especiais <\/strong>para investir em seu empreendimento, tanto por meio de institui\u00e7\u00f5es financeiras quanto por meio do Programa de Microcr\u00e9dito Produtivo Orientado (PMPO).&nbsp;<\/p>\n\n\n\n<h3 class=\"wp-block-heading\"><strong>Isen\u00e7\u00e3o de taxas<\/strong>&nbsp;<\/h3>\n\n\n\n<p>Dependendo da atividade exercida, <strong>o MEI n\u00e3o precisa pagar diversas taxas<\/strong>, como a taxa de registro na junta comercial, a taxa de licen\u00e7a de funcionamento e a taxa de alvar\u00e1 sanit\u00e1rio, o que contribui para a redu\u00e7\u00e3o dos custos de formaliza\u00e7\u00e3o do neg\u00f3cio.&nbsp;<\/p>\n\n\n\n<h3 class=\"wp-block-heading\"><strong>Facilidade na emiss\u00e3o de notas fiscais<\/strong>&nbsp;<\/h3>\n\n\n\n<p>Uma vantagem muito significativa (entre as diversas que apresentamos), \u00e9 o fato de poder <strong>emitir notas fiscais eletr\u00f4nicas<\/strong> de forma simplificada e sem custos adicionais.&nbsp;<\/p>\n\n\n\n<h3 class=\"wp-block-heading\"><strong>Participa\u00e7\u00e3o em licita\u00e7\u00f5es p\u00fablicas<\/strong>&nbsp;<\/h3>\n\n\n\n<p>O Microempreendedor Individual tem a possibilidade de <strong>participar de processos licitat\u00f3rios do governo<\/strong>, o que aumenta suas chances de obter novos neg\u00f3cios.&nbsp;<\/p>\n\n\n\n<p>De forma resumida, o MEI conta com diversos <strong>benef\u00edcios <\/strong>que contribuem para a formaliza\u00e7\u00e3o e o desenvolvimento de seu neg\u00f3cio, al\u00e9m de proporcionar<strong> prote\u00e7\u00e3o previdenci\u00e1ria<\/strong> e facilitar o acesso a cr\u00e9dito e outras oportunidades de neg\u00f3cios.&nbsp;<\/p>\n\n\n\n<p>Caso precise de ajuda especializada, basta contratar os servi\u00e7os da Inspira Capital!&nbsp;<\/p>\n\n\n\n<p>Clique no bot\u00e3o abaixo para entrar em contato com um de nossos <strong>Inspirers <\/strong>e obter maiores informa\u00e7\u00f5es sobre essas <strong>solu\u00e7\u00f5es da Inspira Capital<\/strong>.\u00a0<\/p>\n\n\n\n<div class=\"wp-block-buttons is-content-justification-center is-layout-flex wp-container-core-buttons-is-layout-a89b3969 wp-block-buttons-is-layout-flex\">\n<div class=\"wp-block-button\"><a class=\"wp-block-button__link has-white-color has-text-color has-background wp-element-button\" href=\"https:\/\/api.whatsapp.com\/send\/?phone=5511997618764&amp;text&amp;type=phone_number&amp;app_absent=0\" style=\"background-color:#ee8f2f\" target=\"_blank\" rel=\"noreferrer noopener\"><strong>ENTRE EM CONTATO<\/strong><\/a><\/div>\n<\/div>\n","protected":false},"excerpt":{"rendered":"<p>No ano de 2008, o Governo Federal criou a categoria MEI (Microempreendedor Individual) para formalizar a vida dos pequenos empreendedores.<\/p>\n","protected":false},"author":3,"featured_media":663,"comment_status":"open","ping_status":"open","sticky":false,"template":"","format":"standard","meta":{"footnotes":""},"categories":[40],"tags":[96,169,17,170,168,37],"class_list":["post-662","post","type-post","status-publish","format-standard","has-post-thumbnail","hentry","category-empreendedorismo","tag-empreendedorismo","tag-faturamento","tag-gestao","tag-legislacao","tag-mei","tag-organizacao"],"yoast_head":"<!-- This site is optimized with the Yoast SEO plugin v27.1.1 - https:\/\/yoast.com\/product\/yoast-seo-wordpress\/ -->\n<title>Voc\u00ea sabe o que \u00e9 MEI? [Guia completo]\u00a0 - Portal Inspira Capital<\/title>\n<meta name=\"description\" content=\"No ano de 2008, o Governo Federal criou a categoria MEI (Microempreendedor Individual) para formalizar a vida dos pequenos empreendedores.\" \/>\n<meta name=\"robots\" content=\"index, follow, max-snippet:-1, max-image-preview:large, max-video-preview:-1\" \/>\n<link rel=\"canonical\" href=\"https:\/\/inspiracapital.com.br\/portal\/mei\/\" \/>\n<meta property=\"og:locale\" content=\"pt_BR\" \/>\n<meta property=\"og:type\" content=\"article\" \/>\n<meta property=\"og:title\" content=\"Voc\u00ea sabe o que \u00e9 MEI? [Guia completo]\u00a0 - Portal Inspira Capital\" \/>\n<meta property=\"og:description\" content=\"No ano de 2008, o Governo Federal criou a categoria MEI (Microempreendedor Individual) para formalizar a vida dos pequenos empreendedores.\" \/>\n<meta property=\"og:url\" content=\"https:\/\/inspiracapital.com.br\/portal\/mei\/\" \/>\n<meta property=\"og:site_name\" content=\"Portal Inspira Capital\" \/>\n<meta property=\"article:published_time\" content=\"2023-03-31T23:48:10+00:00\" \/>\n<meta property=\"article:modified_time\" content=\"2024-02-06T18:02:38+00:00\" \/>\n<meta property=\"og:image\" content=\"https:\/\/inspiracapital.com.br\/portal\/wp-content\/uploads\/2023\/03\/mei.jpg\" \/>\n\t<meta property=\"og:image:width\" content=\"640\" \/>\n\t<meta property=\"og:image:height\" content=\"427\" \/>\n\t<meta property=\"og:image:type\" content=\"image\/jpeg\" \/>\n<meta name=\"author\" content=\"Ricardo Dias\" \/>\n<meta name=\"twitter:card\" content=\"summary_large_image\" \/>\n<meta name=\"twitter:label1\" content=\"Escrito por\" \/>\n\t<meta name=\"twitter:data1\" content=\"Ricardo Dias\" \/>\n\t<meta name=\"twitter:label2\" content=\"Est. tempo de leitura\" \/>\n\t<meta name=\"twitter:data2\" content=\"17 minutos\" \/>\n<script type=\"application\/ld+json\" class=\"yoast-schema-graph\">{\"@context\":\"https:\/\/schema.org\",\"@graph\":[{\"@type\":\"Article\",\"@id\":\"https:\/\/inspiracapital.com.br\/portal\/mei\/#article\",\"isPartOf\":{\"@id\":\"https:\/\/inspiracapital.com.br\/portal\/mei\/\"},\"author\":{\"name\":\"Ricardo Dias\",\"@id\":\"https:\/\/inspiracapital.com.br\/portal\/#\/schema\/person\/eced12c0b1a9be9beba9e46914b70f31\"},\"headline\":\"Voc\u00ea sabe o que \u00e9 MEI? [Guia completo]\u00a0\",\"datePublished\":\"2023-03-31T23:48:10+00:00\",\"dateModified\":\"2024-02-06T18:02:38+00:00\",\"mainEntityOfPage\":{\"@id\":\"https:\/\/inspiracapital.com.br\/portal\/mei\/\"},\"wordCount\":3467,\"commentCount\":0,\"publisher\":{\"@id\":\"https:\/\/inspiracapital.com.br\/portal\/#organization\"},\"image\":{\"@id\":\"https:\/\/inspiracapital.com.br\/portal\/mei\/#primaryimage\"},\"thumbnailUrl\":\"https:\/\/inspiracapital.com.br\/portal\/wp-content\/uploads\/2023\/03\/mei.jpg\",\"keywords\":[\"empreendedorismo\",\"faturamento\",\"gest\u00e3o\",\"legisla\u00e7\u00e3o\",\"mei\",\"organiza\u00e7\u00e3o\"],\"articleSection\":[\"Empreendedorismo\"],\"inLanguage\":\"pt-BR\",\"potentialAction\":[{\"@type\":\"CommentAction\",\"name\":\"Comment\",\"target\":[\"https:\/\/inspiracapital.com.br\/portal\/mei\/#respond\"]}]},{\"@type\":\"WebPage\",\"@id\":\"https:\/\/inspiracapital.com.br\/portal\/mei\/\",\"url\":\"https:\/\/inspiracapital.com.br\/portal\/mei\/\",\"name\":\"Voc\u00ea sabe o que \u00e9 MEI? [Guia completo]\u00a0 - Portal Inspira Capital\",\"isPartOf\":{\"@id\":\"https:\/\/inspiracapital.com.br\/portal\/#website\"},\"primaryImageOfPage\":{\"@id\":\"https:\/\/inspiracapital.com.br\/portal\/mei\/#primaryimage\"},\"image\":{\"@id\":\"https:\/\/inspiracapital.com.br\/portal\/mei\/#primaryimage\"},\"thumbnailUrl\":\"https:\/\/inspiracapital.com.br\/portal\/wp-content\/uploads\/2023\/03\/mei.jpg\",\"datePublished\":\"2023-03-31T23:48:10+00:00\",\"dateModified\":\"2024-02-06T18:02:38+00:00\",\"description\":\"No ano de 2008, o Governo Federal criou a categoria MEI (Microempreendedor Individual) para formalizar a vida dos pequenos empreendedores.\",\"breadcrumb\":{\"@id\":\"https:\/\/inspiracapital.com.br\/portal\/mei\/#breadcrumb\"},\"inLanguage\":\"pt-BR\",\"potentialAction\":[{\"@type\":\"ReadAction\",\"target\":[\"https:\/\/inspiracapital.com.br\/portal\/mei\/\"]}]},{\"@type\":\"ImageObject\",\"inLanguage\":\"pt-BR\",\"@id\":\"https:\/\/inspiracapital.com.br\/portal\/mei\/#primaryimage\",\"url\":\"https:\/\/inspiracapital.com.br\/portal\/wp-content\/uploads\/2023\/03\/mei.jpg\",\"contentUrl\":\"https:\/\/inspiracapital.com.br\/portal\/wp-content\/uploads\/2023\/03\/mei.jpg\",\"width\":640,\"height\":427,\"caption\":\"Voc\u00ea sabe o que \u00e9 MEI? [Guia completo]\"},{\"@type\":\"BreadcrumbList\",\"@id\":\"https:\/\/inspiracapital.com.br\/portal\/mei\/#breadcrumb\",\"itemListElement\":[{\"@type\":\"ListItem\",\"position\":1,\"name\":\"In\u00edcio\",\"item\":\"https:\/\/inspiracapital.com.br\/portal\/\"},{\"@type\":\"ListItem\",\"position\":2,\"name\":\"Voc\u00ea sabe o que \u00e9 MEI? [Guia completo]\u00a0\"}]},{\"@type\":\"WebSite\",\"@id\":\"https:\/\/inspiracapital.com.br\/portal\/#website\",\"url\":\"https:\/\/inspiracapital.com.br\/portal\/\",\"name\":\"Portal Inspira Capital\",\"description\":\"Portal Inspira Capital\",\"publisher\":{\"@id\":\"https:\/\/inspiracapital.com.br\/portal\/#organization\"},\"potentialAction\":[{\"@type\":\"SearchAction\",\"target\":{\"@type\":\"EntryPoint\",\"urlTemplate\":\"https:\/\/inspiracapital.com.br\/portal\/?s={search_term_string}\"},\"query-input\":{\"@type\":\"PropertyValueSpecification\",\"valueRequired\":true,\"valueName\":\"search_term_string\"}}],\"inLanguage\":\"pt-BR\"},{\"@type\":\"Organization\",\"@id\":\"https:\/\/inspiracapital.com.br\/portal\/#organization\",\"name\":\"Inspira Capital\",\"alternateName\":\"IC\",\"url\":\"https:\/\/inspiracapital.com.br\/portal\/\",\"logo\":{\"@type\":\"ImageObject\",\"inLanguage\":\"pt-BR\",\"@id\":\"https:\/\/inspiracapital.com.br\/portal\/#\/schema\/logo\/image\/\",\"url\":\"https:\/\/inspiracapital.com.br\/portal\/wp-content\/uploads\/2024\/09\/Design-sem-nome-2025-12-20T120219.772-scaled.png\",\"contentUrl\":\"https:\/\/inspiracapital.com.br\/portal\/wp-content\/uploads\/2024\/09\/Design-sem-nome-2025-12-20T120219.772-scaled.png\",\"width\":1920,\"height\":2560,\"caption\":\"Inspira Capital\"},\"image\":{\"@id\":\"https:\/\/inspiracapital.com.br\/portal\/#\/schema\/logo\/image\/\"}},{\"@type\":\"Person\",\"@id\":\"https:\/\/inspiracapital.com.br\/portal\/#\/schema\/person\/eced12c0b1a9be9beba9e46914b70f31\",\"name\":\"Ricardo Dias\",\"image\":{\"@type\":\"ImageObject\",\"inLanguage\":\"pt-BR\",\"@id\":\"https:\/\/inspiracapital.com.br\/portal\/#\/schema\/person\/image\/\",\"url\":\"https:\/\/secure.gravatar.com\/avatar\/ae5ae60a9e22bd8677fa2095a679a6b1d4fbefbe2330b52188ba9f3967553ea9?s=96&d=mm&r=g\",\"contentUrl\":\"https:\/\/secure.gravatar.com\/avatar\/ae5ae60a9e22bd8677fa2095a679a6b1d4fbefbe2330b52188ba9f3967553ea9?s=96&d=mm&r=g\",\"caption\":\"Ricardo Dias\"},\"sameAs\":[\"https:\/\/inspiracapital.com.br\/\"],\"url\":\"https:\/\/inspiracapital.com.br\/portal\/author\/ricardo\/\"}]}<\/script>\n<!-- \/ Yoast SEO plugin. -->","yoast_head_json":{"title":"Voc\u00ea sabe o que \u00e9 MEI? [Guia completo]\u00a0 - Portal Inspira Capital","description":"No ano de 2008, o Governo Federal criou a categoria MEI (Microempreendedor Individual) para formalizar a vida dos pequenos empreendedores.","robots":{"index":"index","follow":"follow","max-snippet":"max-snippet:-1","max-image-preview":"max-image-preview:large","max-video-preview":"max-video-preview:-1"},"canonical":"https:\/\/inspiracapital.com.br\/portal\/mei\/","og_locale":"pt_BR","og_type":"article","og_title":"Voc\u00ea sabe o que \u00e9 MEI? [Guia completo]\u00a0 - Portal Inspira Capital","og_description":"No ano de 2008, o Governo Federal criou a categoria MEI (Microempreendedor Individual) para formalizar a vida dos pequenos empreendedores.","og_url":"https:\/\/inspiracapital.com.br\/portal\/mei\/","og_site_name":"Portal Inspira Capital","article_published_time":"2023-03-31T23:48:10+00:00","article_modified_time":"2024-02-06T18:02:38+00:00","og_image":[{"width":640,"height":427,"url":"https:\/\/inspiracapital.com.br\/portal\/wp-content\/uploads\/2023\/03\/mei.jpg","type":"image\/jpeg"}],"author":"Ricardo Dias","twitter_card":"summary_large_image","twitter_misc":{"Escrito por":"Ricardo Dias","Est. tempo de leitura":"17 minutos"},"schema":{"@context":"https:\/\/schema.org","@graph":[{"@type":"Article","@id":"https:\/\/inspiracapital.com.br\/portal\/mei\/#article","isPartOf":{"@id":"https:\/\/inspiracapital.com.br\/portal\/mei\/"},"author":{"name":"Ricardo Dias","@id":"https:\/\/inspiracapital.com.br\/portal\/#\/schema\/person\/eced12c0b1a9be9beba9e46914b70f31"},"headline":"Voc\u00ea sabe o que \u00e9 MEI? [Guia completo]\u00a0","datePublished":"2023-03-31T23:48:10+00:00","dateModified":"2024-02-06T18:02:38+00:00","mainEntityOfPage":{"@id":"https:\/\/inspiracapital.com.br\/portal\/mei\/"},"wordCount":3467,"commentCount":0,"publisher":{"@id":"https:\/\/inspiracapital.com.br\/portal\/#organization"},"image":{"@id":"https:\/\/inspiracapital.com.br\/portal\/mei\/#primaryimage"},"thumbnailUrl":"https:\/\/inspiracapital.com.br\/portal\/wp-content\/uploads\/2023\/03\/mei.jpg","keywords":["empreendedorismo","faturamento","gest\u00e3o","legisla\u00e7\u00e3o","mei","organiza\u00e7\u00e3o"],"articleSection":["Empreendedorismo"],"inLanguage":"pt-BR","potentialAction":[{"@type":"CommentAction","name":"Comment","target":["https:\/\/inspiracapital.com.br\/portal\/mei\/#respond"]}]},{"@type":"WebPage","@id":"https:\/\/inspiracapital.com.br\/portal\/mei\/","url":"https:\/\/inspiracapital.com.br\/portal\/mei\/","name":"Voc\u00ea sabe o que \u00e9 MEI? [Guia completo]\u00a0 - Portal Inspira Capital","isPartOf":{"@id":"https:\/\/inspiracapital.com.br\/portal\/#website"},"primaryImageOfPage":{"@id":"https:\/\/inspiracapital.com.br\/portal\/mei\/#primaryimage"},"image":{"@id":"https:\/\/inspiracapital.com.br\/portal\/mei\/#primaryimage"},"thumbnailUrl":"https:\/\/inspiracapital.com.br\/portal\/wp-content\/uploads\/2023\/03\/mei.jpg","datePublished":"2023-03-31T23:48:10+00:00","dateModified":"2024-02-06T18:02:38+00:00","description":"No ano de 2008, o Governo Federal criou a categoria MEI (Microempreendedor Individual) para formalizar a vida dos pequenos empreendedores.","breadcrumb":{"@id":"https:\/\/inspiracapital.com.br\/portal\/mei\/#breadcrumb"},"inLanguage":"pt-BR","potentialAction":[{"@type":"ReadAction","target":["https:\/\/inspiracapital.com.br\/portal\/mei\/"]}]},{"@type":"ImageObject","inLanguage":"pt-BR","@id":"https:\/\/inspiracapital.com.br\/portal\/mei\/#primaryimage","url":"https:\/\/inspiracapital.com.br\/portal\/wp-content\/uploads\/2023\/03\/mei.jpg","contentUrl":"https:\/\/inspiracapital.com.br\/portal\/wp-content\/uploads\/2023\/03\/mei.jpg","width":640,"height":427,"caption":"Voc\u00ea sabe o que \u00e9 MEI? [Guia completo]"},{"@type":"BreadcrumbList","@id":"https:\/\/inspiracapital.com.br\/portal\/mei\/#breadcrumb","itemListElement":[{"@type":"ListItem","position":1,"name":"In\u00edcio","item":"https:\/\/inspiracapital.com.br\/portal\/"},{"@type":"ListItem","position":2,"name":"Voc\u00ea sabe o que \u00e9 MEI? [Guia completo]\u00a0"}]},{"@type":"WebSite","@id":"https:\/\/inspiracapital.com.br\/portal\/#website","url":"https:\/\/inspiracapital.com.br\/portal\/","name":"Portal Inspira Capital","description":"Portal Inspira Capital","publisher":{"@id":"https:\/\/inspiracapital.com.br\/portal\/#organization"},"potentialAction":[{"@type":"SearchAction","target":{"@type":"EntryPoint","urlTemplate":"https:\/\/inspiracapital.com.br\/portal\/?s={search_term_string}"},"query-input":{"@type":"PropertyValueSpecification","valueRequired":true,"valueName":"search_term_string"}}],"inLanguage":"pt-BR"},{"@type":"Organization","@id":"https:\/\/inspiracapital.com.br\/portal\/#organization","name":"Inspira Capital","alternateName":"IC","url":"https:\/\/inspiracapital.com.br\/portal\/","logo":{"@type":"ImageObject","inLanguage":"pt-BR","@id":"https:\/\/inspiracapital.com.br\/portal\/#\/schema\/logo\/image\/","url":"https:\/\/inspiracapital.com.br\/portal\/wp-content\/uploads\/2024\/09\/Design-sem-nome-2025-12-20T120219.772-scaled.png","contentUrl":"https:\/\/inspiracapital.com.br\/portal\/wp-content\/uploads\/2024\/09\/Design-sem-nome-2025-12-20T120219.772-scaled.png","width":1920,"height":2560,"caption":"Inspira Capital"},"image":{"@id":"https:\/\/inspiracapital.com.br\/portal\/#\/schema\/logo\/image\/"}},{"@type":"Person","@id":"https:\/\/inspiracapital.com.br\/portal\/#\/schema\/person\/eced12c0b1a9be9beba9e46914b70f31","name":"Ricardo Dias","image":{"@type":"ImageObject","inLanguage":"pt-BR","@id":"https:\/\/inspiracapital.com.br\/portal\/#\/schema\/person\/image\/","url":"https:\/\/secure.gravatar.com\/avatar\/ae5ae60a9e22bd8677fa2095a679a6b1d4fbefbe2330b52188ba9f3967553ea9?s=96&d=mm&r=g","contentUrl":"https:\/\/secure.gravatar.com\/avatar\/ae5ae60a9e22bd8677fa2095a679a6b1d4fbefbe2330b52188ba9f3967553ea9?s=96&d=mm&r=g","caption":"Ricardo Dias"},"sameAs":["https:\/\/inspiracapital.com.br\/"],"url":"https:\/\/inspiracapital.com.br\/portal\/author\/ricardo\/"}]}},"_links":{"self":[{"href":"https:\/\/inspiracapital.com.br\/portal\/wp-json\/wp\/v2\/posts\/662","targetHints":{"allow":["GET"]}}],"collection":[{"href":"https:\/\/inspiracapital.com.br\/portal\/wp-json\/wp\/v2\/posts"}],"about":[{"href":"https:\/\/inspiracapital.com.br\/portal\/wp-json\/wp\/v2\/types\/post"}],"author":[{"embeddable":true,"href":"https:\/\/inspiracapital.com.br\/portal\/wp-json\/wp\/v2\/users\/3"}],"replies":[{"embeddable":true,"href":"https:\/\/inspiracapital.com.br\/portal\/wp-json\/wp\/v2\/comments?post=662"}],"version-history":[{"count":3,"href":"https:\/\/inspiracapital.com.br\/portal\/wp-json\/wp\/v2\/posts\/662\/revisions"}],"predecessor-version":[{"id":1433,"href":"https:\/\/inspiracapital.com.br\/portal\/wp-json\/wp\/v2\/posts\/662\/revisions\/1433"}],"wp:featuredmedia":[{"embeddable":true,"href":"https:\/\/inspiracapital.com.br\/portal\/wp-json\/wp\/v2\/media\/663"}],"wp:attachment":[{"href":"https:\/\/inspiracapital.com.br\/portal\/wp-json\/wp\/v2\/media?parent=662"}],"wp:term":[{"taxonomy":"category","embeddable":true,"href":"https:\/\/inspiracapital.com.br\/portal\/wp-json\/wp\/v2\/categories?post=662"},{"taxonomy":"post_tag","embeddable":true,"href":"https:\/\/inspiracapital.com.br\/portal\/wp-json\/wp\/v2\/tags?post=662"}],"curies":[{"name":"wp","href":"https:\/\/api.w.org\/{rel}","templated":true}]}}