{"id":525,"date":"2023-02-13T17:32:34","date_gmt":"2023-02-13T17:32:34","guid":{"rendered":"https:\/\/inspiracapital.com.br\/portal\/?p=525"},"modified":"2024-02-06T18:13:00","modified_gmt":"2024-02-06T18:13:00","slug":"como-ser-um-bom-lider","status":"publish","type":"post","link":"https:\/\/inspiracapital.com.br\/portal\/como-ser-um-bom-lider\/","title":{"rendered":"Voc\u00ea sabe o que \u00e9 necess\u00e1rio para ser um bom l\u00edder?"},"content":{"rendered":"\n<p>Quando pesquisamos o significado do termo &#8220;l\u00edder&#8221; no Google, damos de cara com uma defini\u00e7\u00e3o do <a href=\"https:\/\/languages.oup.com\/google-dictionary-pt\" target=\"_blank\" rel=\"noreferrer noopener nofollow\">Dicion\u00e1rio Oxford Languages<\/a>.&nbsp;&nbsp;<\/p>\n\n\n\n<p>De acordo com a defini\u00e7\u00e3o, o substantivo de dois g\u00eaneros significa:&nbsp;<\/p>\n\n\n\n<ol class=\"wp-block-list\" start=\"1\">\n<li><strong>Indiv\u00edduo que tem autoridade para comandar ou coordenar outros.<\/strong>&nbsp;<\/li>\n<\/ol>\n\n\n\n<ol class=\"wp-block-list\" start=\"2\">\n<li><strong>Pessoa cujas a\u00e7\u00f5es e palavras exercem influ\u00eancia sobre o pensamento e comportamento de outras.<\/strong>&nbsp;<\/li>\n<\/ol>\n\n\n\n<p>Portanto, a <strong>lideran\u00e7a <\/strong>\u00e9 definida como a capacidade de levar as pessoas a atingirem seus objetivos por meio de comandos e coordenadas. Esses ideais de um bom l\u00edder fomentam o <a href=\"https:\/\/inspiracapital.com.br\/portal\/5c-no-trabalho-em-equipe\/\">trabalho em equipe<\/a> e o desenvolvimento individual de cada membro de uma determinada equipe.&nbsp;<\/p>\n\n\n\n<p>Vamos entender como ser um bom l\u00edder? Continue a leitura para saber mais sobre lideran\u00e7a e seus benef\u00edcios nos neg\u00f3cios.&nbsp;<\/p>\n\n\n\n<p>Confira os t\u00f3picos deste artigo.<\/p>\n\n\n\n<h2 class=\"wp-block-heading\"><strong>Como ser um bom l\u00edder?<\/strong>&nbsp;<\/h2>\n\n\n\n<p>A melhor forma de iniciar esse t\u00f3pico \u00e9 explicar que lideran\u00e7a \u00e9 a capacidade de inspirar outras pessoas e influenciar positivamente suas a\u00e7\u00f5es e decis\u00f5es. Bons l\u00edderes atingem seus objetivos com facilidade e <a href=\"https:\/\/inspiracapital.com.br\/portal\/como-aplicar-os-conceitos-de-eficiencia\/\">efic\u00e1cia<\/a>, sem comprometer o bem-estar daqueles com quem trabalham e colaboram.&nbsp;&nbsp;<\/p>\n\n\n\n<p>Um l\u00edder que realmente est\u00e1 pronto para essa posi\u00e7\u00e3o n\u00e3o hesitar\u00e1 em &#8220;recalcular a rota\u201c se algo prejudicar o desempenho da equipe.&nbsp;<\/p>\n\n\n\n<p>Para fazer isso, os funcion\u00e1rios precisam ver voc\u00ea como um verdadeiro l\u00edder, algu\u00e9m que os inspira \u2013 vale ressaltar que um bom l\u00edder n\u00e3o um ditador que apenas cobra resultados.&nbsp;<\/p>\n\n\n\n<p>A lideran\u00e7a precisar dar oportunidades de participa\u00e7\u00e3o aos colaboradores e fazer com que eles se sintam mais confiantes em seu trabalho, sempre pensando nas rela\u00e7\u00f5es humanas.&nbsp;<\/p>\n\n\n\n<p>Vamos entender melhor quais s\u00e3o as caracter\u00edsticas de um <strong>bom l\u00edder<\/strong>? Continue a leitura para responder a essa pergunta.&nbsp;<\/p>\n\n\n\n<h2 class=\"wp-block-heading\"><strong>Caracter\u00edsticas de um bom l\u00edder<\/strong>&nbsp;<\/h2>\n\n\n\n<p>Nesse t\u00f3pico falaremos sobre as qualidades de um verdadeiro l\u00edder. Essas boas qualidades s\u00e3o de extrema import\u00e2ncia, em todos os sentidos. Desde os bons resultados at\u00e9 a satisfa\u00e7\u00e3o e bem-estar dos funcion\u00e1rios, clientes e colaboradores.&nbsp;&nbsp;<\/p>\n\n\n\n<p>Ser\u00e1 que voc\u00ea se encaixa nessas qualidades? Acompanhe a seguir a lista das principais qualidades de um bom l\u00edder:&nbsp;<\/p>\n\n\n\n<h3 class=\"wp-block-heading\"><strong>Respeito<\/strong>&nbsp;<\/h3>\n\n\n\n<p>\u00c9 imposs\u00edvel iniciar essa lista de forma diferente, tendo em vista que o respeito \u00e9 um dos valores fundamentais da vida social &#8211; principalmente no campo profissional e corporativo.&nbsp;<\/p>\n\n\n\n<p>Por exemplo, a diversidade ganha, a cada dia, maior import\u00e2ncia no ambiente corporativo. Ela existe em diferentes g\u00eaneros, idades, ra\u00e7as e apar\u00eancias, mas tamb\u00e9m se refere a diferentes ideias e cren\u00e7as.&nbsp;<\/p>\n\n\n\n<p>E \u00e9 exatamente aqui que podemos encaixar o <strong>respeito<\/strong>. Um bom l\u00edder deve estar totalmente consciente de suas palavras e a\u00e7\u00f5es, haja visto que as diferen\u00e7as devem ser sempre respeitadas e exaltadas.&nbsp;<\/p>\n\n\n\n<h3 class=\"wp-block-heading\"><strong>Comunica\u00e7\u00e3o<\/strong>&nbsp;<\/h3>\n\n\n\n<p>Ser capaz de articular o que voc\u00ea quer \u00e9 muito importante para uma equipe que funcione bem. \u00c9 importante lembrar que a <strong>comunica\u00e7\u00e3o <\/strong>\u00e9 uma via de m\u00e3o dupla, portanto, falar e se colocar no lugar de um ouvinte tamb\u00e9m \u00e9 uma caracter\u00edstica importante para a forma\u00e7\u00e3o de um bom l\u00edder.&nbsp;<\/p>\n\n\n\n<p>A maneira como um l\u00edder transmite as mensagens faz a diferen\u00e7a nos processos.&nbsp;<\/p>\n\n\n\n<h3 class=\"wp-block-heading\"><strong>Motiva\u00e7\u00e3o<\/strong>&nbsp;<\/h3>\n\n\n\n<p>A <strong>motiva\u00e7\u00e3o <\/strong>\u00e9 o est\u00edmulo que leva uma pessoa a uma determinada a\u00e7\u00e3o. Ter algu\u00e9m que te motive \u00e9 semelhante ao combust\u00edvel, ainda mais quando a atividade \u00e9 dif\u00edcil ou, at\u00e9 mesmo, t\u00e3o atrativa.&nbsp;<\/p>\n\n\n\n<p>Se um l\u00edder motiva seus funcion\u00e1rios, colaboradores e equipes, <strong>melhor ser\u00e1 o desempenho<\/strong> nos processos e maior ser\u00e1 a probabilidade de sucesso dos resultados obtidos.&nbsp;<\/p>\n\n\n\n<h3 class=\"wp-block-heading\"><strong>Comprometimento<\/strong>&nbsp;<\/h3>\n\n\n\n<p>Um bom l\u00edder, al\u00e9m de delegar responsabilidades e tarefas para seus funcion\u00e1rios, tamb\u00e9m deve dar o exemplo. Mostrar seu <strong>compromisso <\/strong>com os neg\u00f3cios incentivar\u00e1 os funcion\u00e1rios a sempre dar o seu melhor e colaborar com resultados positivos.&nbsp;<\/p>\n\n\n\n<h3 class=\"wp-block-heading\"><strong>Criatividade<\/strong>&nbsp;<\/h3>\n\n\n\n<p>\u00c9 importante que um l\u00edder saiba tomar decis\u00f5es r\u00e1pidas e responder a qualquer tipo de imprevisto. Obviamente, nem tudo corre conforme o planejado &#8211; e esse \u00e9 o momento certo para que a <strong>criatividade <\/strong>fale mais alto.&nbsp;&nbsp;<\/p>\n\n\n\n<p>Ao estimular a criatividade dos colaboradores e funcion\u00e1rios, as empresas e os l\u00edderes desenvolvem profissionais cada vez mais capacitados e motivados a solucionar problemas com rapidez e efici\u00eancia.&nbsp;<\/p>\n\n\n\n<p>Que tal respondermos \u00e0 algumas perguntas frequentes sobre lideran\u00e7a? Continue a leitura.&nbsp;<\/p>\n\n\n\n<h2 class=\"wp-block-heading\"><strong>Perguntas frequentes<\/strong>&nbsp;<\/h2>\n\n\n\n<p>Abaixo, responderemos algumas das perguntas mais comuns em rela\u00e7\u00e3o \u00e0 lideran\u00e7a. Vamos l\u00e1?&nbsp;<\/p>\n\n\n\n<h3 class=\"wp-block-heading\"><strong>O que \u00e9 preciso ter para ser um bom l\u00edder?<\/strong>&nbsp;&nbsp;<\/h3>\n\n\n\n<p>Ao ser perguntado o que \u00e9 necess\u00e1rio para ser um bom l\u00edder, o CEO, fundador e l\u00edder da Inspira Capital, <strong>Fabiano Brito,<\/strong> respondeu:&nbsp;<\/p>\n\n\n\n<p>&#8220;Saber ouvir, ter empatia e vis\u00e3o estrat\u00e9gica s\u00e3o fundamentais. Com certeza, existem dezenas de t\u00e9cnicas que se aprendem, por\u00e9m, essas tr\u00eas habilidades determinam grande parte do <a href=\"https:\/\/inspiracapital.com.br\/portal\/gestao-empresarial\/\">sucesso na gest\u00e3o<\/a>, tanto para um ambiente psicologicamente seguro, quanto para o crescimento da empresa.&#8221;&nbsp;<\/p>\n\n\n\n<p>Como j\u00e1 dissemos anteriormente, um bom l\u00edder deve nutrir diversas caracter\u00edsticas positivas, com o intuito de fortificar as equipes. Al\u00e9m de <strong>agir com transpar\u00eancia e confian\u00e7a<\/strong>, \u00e9 importante que o clima do trabalho seja sempre organizado e que motive a criatividade e confian\u00e7a.&nbsp;<\/p>\n\n\n\n<h3 class=\"wp-block-heading\"><strong>O que um l\u00edder n\u00e3o deve falar?<\/strong>&nbsp;<\/h3>\n\n\n\n<p>Existem algumas frases que n\u00e3o devem ser ditas de maneira alguma por verdadeiros l\u00edderes. Acompanhe a lista:&nbsp;<\/p>\n\n\n\n<ul class=\"wp-block-list\">\n<li><strong>&#8220;Quem manda sou eu&#8221;;<\/strong>&nbsp;<\/li>\n\n\n\n<li><strong>&#8220;Isso n\u00e3o \u00e9 minha obriga\u00e7\u00e3o&#8221;;<\/strong>&nbsp;<\/li>\n\n\n\n<li><strong>&#8220;Isso \u00e9 tudo culpa sua&#8221;;<\/strong>&nbsp;<\/li>\n\n\n\n<li><strong>&#8220;Mais tarde eu vejo isso&#8221;;<\/strong>&nbsp;<\/li>\n\n\n\n<li><strong>&#8220;N\u00e3o quero desculpas, quero resultados&#8221;.<\/strong>&nbsp;<\/li>\n<\/ul>\n\n\n\n<p>Lembre-se que \u00e9 importante saber o que falar e a maneira como as palavras s\u00e3o ditas. Como afirma o ditado, as palavras tem poder.&nbsp;<\/p>\n\n\n\n<h3 class=\"wp-block-heading\"><strong>O que um l\u00edder n\u00e3o pode fazer?&nbsp;<\/strong>&nbsp;<\/h3>\n\n\n\n<p>Assim como listamos algumas frases que n\u00e3o devem ser ditas por bons l\u00edderes, tamb\u00e9m existem a\u00e7\u00f5es e comportamentos que podem atrapalhar a sua boa lideran\u00e7a. Acompanhe a lista:&nbsp;<\/p>\n\n\n\n<ul class=\"wp-block-list\">\n<li><strong>Desistir depois do primeiro fracasso;<\/strong>&nbsp;<\/li>\n\n\n\n<li><strong>Cobrar resultados de suas equipes e colaboradores;<\/strong>&nbsp;<\/li>\n\n\n\n<li><strong>N\u00e3o dar feedbacks;<\/strong>&nbsp;<\/li>\n\n\n\n<li><strong>N\u00e3o dar o devido apoio para os funcion\u00e1rios;<\/strong>&nbsp;<\/li>\n\n\n\n<li><strong>Sobrecarregar as equipes;<\/strong>&nbsp;<\/li>\n\n\n\n<li><strong>N\u00e3o realizar planejamentos;<\/strong>&nbsp;<\/li>\n\n\n\n<li><strong>N\u00e3o ter <a href=\"https:\/\/inspiracapital.com.br\/portal\/inteligencia-emocional\/\">Intelig\u00eancia emocional<\/a>;<\/strong>&nbsp;<\/li>\n\n\n\n<li><strong>Apenas dar ordens e n\u00e3o ser participativo.<\/strong>&nbsp;<\/li>\n<\/ul>\n\n\n\n<p>\u00c9 importante usar esta lista para ajudar os l\u00edderes a melhorar suas habilidades e ter o m\u00e1ximo proveito de suas equipes.&nbsp;<\/p>\n\n\n\n<p>Voc\u00ea deve estar se questionando: quais s\u00e3o os benef\u00edcios de um bom l\u00edder nos neg\u00f3cios? Leia o t\u00f3pico a seguir para entender essas vantagens.&nbsp;<\/p>\n\n\n\n<h2 class=\"wp-block-heading\"><strong>Benef\u00edcios de uma boa lideran\u00e7a<\/strong>&nbsp;<\/h2>\n\n\n\n<p>A lideran\u00e7a \u00e9 um tema de fundamental import\u00e2ncia nas organiza\u00e7\u00f5es, pois trata-se do sucesso ou do fracasso, do alcance ou n\u00e3o dos objetivos definidos.&nbsp;&nbsp;<\/p>\n\n\n\n<p>Voc\u00ea percebeu que um bom l\u00edder implementa processos eficientes para entregar resultados, al\u00e9m de fornecer um ambiente de trabalho seguro para realizar o trabalho. Mas \u00e9 importante lembrar que ningu\u00e9m \u00e9 perfeito.&nbsp;&nbsp;<\/p>\n\n\n\n<p><strong>Um verdadeiro l\u00edder n\u00e3o est\u00e1 proibido de errar, mas n\u00e3o deve esconder ou atribuir a outro os seus erros.<\/strong>&nbsp;<\/p>\n\n\n\n<p>Agora que voc\u00ea j\u00e1 sabe como ser um bom l\u00edder, esperamos que voc\u00ea se reconhe\u00e7a como um l\u00edder profissional, com conhecimento e habilidades necess\u00e1rias, para conduzir sua equipe ao sucesso que todos almejam.\u00a0<\/p>\n\n\n\n<div class=\"wp-block-buttons is-content-justification-center is-layout-flex wp-container-core-buttons-is-layout-a89b3969 wp-block-buttons-is-layout-flex\">\n<div class=\"wp-block-button\"><a class=\"wp-block-button__link has-white-color has-text-color has-background wp-element-button\" href=\"https:\/\/api.whatsapp.com\/send\/?phone=5511997618764&amp;text&amp;type=phone_number&amp;app_absent=0\" style=\"background-color:#ee8f2f\" target=\"_blank\" rel=\"noreferrer noopener\"><strong>ENTRE EM CONTATO<\/strong><\/a><\/div>\n<\/div>\n\n\n\n<script type=\"application\/ld+json\">\n{\n  \"@context\": \"https:\/\/schema.org\",\n  \"@type\": \"FAQPage\",\n  \"mainEntity\": [{\n    \"@type\": \"Question\",\n    \"name\": \"O que \u00e9 preciso ter para ser um bom l\u00edder?\",\n    \"acceptedAnswer\": {\n      \"@type\": \"Answer\",\n      \"text\": \"\\\"Saber ouvir, ter empatia e vis\u00e3o estrat\u00e9gica s\u00e3o fundamentais. Com certeza, existem dezenas de t\u00e9cnicas que se aprendem, por\u00e9m, essas tr\u00eas habilidades determinam grande parte do sucesso na gest\u00e3o, tanto para um ambiente psicologicamente seguro, quanto para o crescimento da empresa.\\\"\"\n    }\n  },{\n    \"@type\": \"Question\",\n    \"name\": \"O que um l\u00edder n\u00e3o deve falar?\",\n    \"acceptedAnswer\": {\n      \"@type\": \"Answer\",\n      \"text\": \"Existem algumas frases que n\u00e3o devem ser ditas de maneira alguma por verdadeiros l\u00edderes. Acompanhe a lista:\u00a0\n\\\"Quem manda sou eu\\\";\u00a0\n\\\"Isso n\u00e3o \u00e9 minha obriga\u00e7\u00e3o\\\";\n\\\"Isso \u00e9 tudo culpa sua\\\";\u00a0\n\\\"Mais tarde eu vejo isso\\\";\u00a0\n\\\"N\u00e3o quero desculpas, quero resultados\\\".\"\n    }\n  },{\n    \"@type\": \"Question\",\n    \"name\": \"O que um l\u00edder n\u00e3o pode fazer?\",\n    \"acceptedAnswer\": {\n      \"@type\": \"Answer\",\n      \"text\": \"Assim como listamos algumas frases que n\u00e3o devem ser ditas por bons l\u00edderes, tamb\u00e9m existem a\u00e7\u00f5es e comportamentos que podem atrapalhar a sua boa lideran\u00e7a. Acompanhe a lista:\u00a0\n\nDesistir depois do primeiro fracasso;\u00a0\nCobrar resultados de suas equipes e colaboradores;\u00a0\nN\u00e3o dar feedbacks;\u00a0\nN\u00e3o dar o devido apoio para os funcion\u00e1rios;\u00a0\nSobrecarregar as equipes;\u00a0\nN\u00e3o realizar planejamentos;\u00a0\nN\u00e3o ter Intelig\u00eancia emocional;\u00a0\nApenas dar ordens e n\u00e3o ser participativo.\"\n    }\n  }]\n}\n<\/script>\n","protected":false},"excerpt":{"rendered":"<p>Um bom l\u00edder deve ter a capacidade de levar as pessoas a atingirem seus objetivos por meio de comandos e coordenadas.<\/p>\n","protected":false},"author":3,"featured_media":526,"comment_status":"open","ping_status":"open","sticky":false,"template":"","format":"standard","meta":{"footnotes":""},"categories":[25,24],"tags":[113,94,26,27,114],"class_list":["post-525","post","type-post","status-publish","format-standard","has-post-thumbnail","hentry","category-gestao-de-pessoas","category-lideranca","tag-comunicacao","tag-criatividade","tag-lider","tag-lideranca","tag-respeito"],"yoast_head":"<!-- This site is optimized with the Yoast SEO plugin v27.1.1 - https:\/\/yoast.com\/product\/yoast-seo-wordpress\/ -->\n<title>Como ser um bom l\u00edder? | Descubra o passo a passo - Inspira<\/title>\n<meta name=\"description\" content=\"Um bom l\u00edder deve ter a capacidade de levar as pessoas a atingirem seus objetivos por meio de comandos e coordenadas.\" \/>\n<meta name=\"robots\" content=\"index, follow, max-snippet:-1, max-image-preview:large, max-video-preview:-1\" \/>\n<link rel=\"canonical\" href=\"https:\/\/inspiracapital.com.br\/portal\/como-ser-um-bom-lider\/\" \/>\n<meta property=\"og:locale\" content=\"pt_BR\" \/>\n<meta property=\"og:type\" content=\"article\" \/>\n<meta property=\"og:title\" content=\"Como ser um bom l\u00edder? | Descubra o passo a passo - Inspira\" \/>\n<meta property=\"og:description\" content=\"Um bom l\u00edder deve ter a capacidade de levar as pessoas a atingirem seus objetivos por meio de comandos e coordenadas.\" \/>\n<meta property=\"og:url\" content=\"https:\/\/inspiracapital.com.br\/portal\/como-ser-um-bom-lider\/\" \/>\n<meta property=\"og:site_name\" content=\"Portal Inspira Capital\" \/>\n<meta property=\"article:published_time\" content=\"2023-02-13T17:32:34+00:00\" \/>\n<meta property=\"article:modified_time\" content=\"2024-02-06T18:13:00+00:00\" \/>\n<meta property=\"og:image\" content=\"https:\/\/inspiracapital.com.br\/portal\/wp-content\/uploads\/2023\/02\/bom-lider.jpg\" \/>\n\t<meta property=\"og:image:width\" content=\"640\" \/>\n\t<meta property=\"og:image:height\" content=\"960\" \/>\n\t<meta property=\"og:image:type\" content=\"image\/jpeg\" \/>\n<meta name=\"author\" content=\"Ricardo Dias\" \/>\n<meta name=\"twitter:card\" content=\"summary_large_image\" \/>\n<meta name=\"twitter:label1\" content=\"Escrito por\" \/>\n\t<meta name=\"twitter:data1\" content=\"Ricardo Dias\" \/>\n\t<meta name=\"twitter:label2\" content=\"Est. tempo de leitura\" \/>\n\t<meta name=\"twitter:data2\" content=\"7 minutos\" \/>\n<script type=\"application\/ld+json\" class=\"yoast-schema-graph\">{\"@context\":\"https:\/\/schema.org\",\"@graph\":[{\"@type\":\"Article\",\"@id\":\"https:\/\/inspiracapital.com.br\/portal\/como-ser-um-bom-lider\/#article\",\"isPartOf\":{\"@id\":\"https:\/\/inspiracapital.com.br\/portal\/como-ser-um-bom-lider\/\"},\"author\":{\"name\":\"Ricardo Dias\",\"@id\":\"https:\/\/inspiracapital.com.br\/portal\/#\/schema\/person\/eced12c0b1a9be9beba9e46914b70f31\"},\"headline\":\"Voc\u00ea sabe o que \u00e9 necess\u00e1rio para ser um bom l\u00edder?\",\"datePublished\":\"2023-02-13T17:32:34+00:00\",\"dateModified\":\"2024-02-06T18:13:00+00:00\",\"mainEntityOfPage\":{\"@id\":\"https:\/\/inspiracapital.com.br\/portal\/como-ser-um-bom-lider\/\"},\"wordCount\":1305,\"commentCount\":1,\"publisher\":{\"@id\":\"https:\/\/inspiracapital.com.br\/portal\/#organization\"},\"image\":{\"@id\":\"https:\/\/inspiracapital.com.br\/portal\/como-ser-um-bom-lider\/#primaryimage\"},\"thumbnailUrl\":\"https:\/\/inspiracapital.com.br\/portal\/wp-content\/uploads\/2023\/02\/bom-lider.jpg\",\"keywords\":[\"comunica\u00e7\u00e3o\",\"criatividade\",\"lider\",\"lideran\u00e7a\",\"respeito\"],\"articleSection\":[\"Gest\u00e3o de Pessoas\",\"Lideran\u00e7a\"],\"inLanguage\":\"pt-BR\",\"potentialAction\":[{\"@type\":\"CommentAction\",\"name\":\"Comment\",\"target\":[\"https:\/\/inspiracapital.com.br\/portal\/como-ser-um-bom-lider\/#respond\"]}]},{\"@type\":\"WebPage\",\"@id\":\"https:\/\/inspiracapital.com.br\/portal\/como-ser-um-bom-lider\/\",\"url\":\"https:\/\/inspiracapital.com.br\/portal\/como-ser-um-bom-lider\/\",\"name\":\"Como ser um bom l\u00edder? | Descubra o passo a passo - Inspira\",\"isPartOf\":{\"@id\":\"https:\/\/inspiracapital.com.br\/portal\/#website\"},\"primaryImageOfPage\":{\"@id\":\"https:\/\/inspiracapital.com.br\/portal\/como-ser-um-bom-lider\/#primaryimage\"},\"image\":{\"@id\":\"https:\/\/inspiracapital.com.br\/portal\/como-ser-um-bom-lider\/#primaryimage\"},\"thumbnailUrl\":\"https:\/\/inspiracapital.com.br\/portal\/wp-content\/uploads\/2023\/02\/bom-lider.jpg\",\"datePublished\":\"2023-02-13T17:32:34+00:00\",\"dateModified\":\"2024-02-06T18:13:00+00:00\",\"description\":\"Um bom l\u00edder deve ter a capacidade de levar as pessoas a atingirem seus objetivos por meio de comandos e coordenadas.\",\"breadcrumb\":{\"@id\":\"https:\/\/inspiracapital.com.br\/portal\/como-ser-um-bom-lider\/#breadcrumb\"},\"inLanguage\":\"pt-BR\",\"potentialAction\":[{\"@type\":\"ReadAction\",\"target\":[\"https:\/\/inspiracapital.com.br\/portal\/como-ser-um-bom-lider\/\"]}]},{\"@type\":\"ImageObject\",\"inLanguage\":\"pt-BR\",\"@id\":\"https:\/\/inspiracapital.com.br\/portal\/como-ser-um-bom-lider\/#primaryimage\",\"url\":\"https:\/\/inspiracapital.com.br\/portal\/wp-content\/uploads\/2023\/02\/bom-lider.jpg\",\"contentUrl\":\"https:\/\/inspiracapital.com.br\/portal\/wp-content\/uploads\/2023\/02\/bom-lider.jpg\",\"width\":640,\"height\":960},{\"@type\":\"BreadcrumbList\",\"@id\":\"https:\/\/inspiracapital.com.br\/portal\/como-ser-um-bom-lider\/#breadcrumb\",\"itemListElement\":[{\"@type\":\"ListItem\",\"position\":1,\"name\":\"In\u00edcio\",\"item\":\"https:\/\/inspiracapital.com.br\/portal\/\"},{\"@type\":\"ListItem\",\"position\":2,\"name\":\"Voc\u00ea sabe o que \u00e9 necess\u00e1rio para ser um bom l\u00edder?\"}]},{\"@type\":\"WebSite\",\"@id\":\"https:\/\/inspiracapital.com.br\/portal\/#website\",\"url\":\"https:\/\/inspiracapital.com.br\/portal\/\",\"name\":\"Portal Inspira Capital\",\"description\":\"Portal Inspira Capital\",\"publisher\":{\"@id\":\"https:\/\/inspiracapital.com.br\/portal\/#organization\"},\"potentialAction\":[{\"@type\":\"SearchAction\",\"target\":{\"@type\":\"EntryPoint\",\"urlTemplate\":\"https:\/\/inspiracapital.com.br\/portal\/?s={search_term_string}\"},\"query-input\":{\"@type\":\"PropertyValueSpecification\",\"valueRequired\":true,\"valueName\":\"search_term_string\"}}],\"inLanguage\":\"pt-BR\"},{\"@type\":\"Organization\",\"@id\":\"https:\/\/inspiracapital.com.br\/portal\/#organization\",\"name\":\"Inspira Capital\",\"alternateName\":\"IC\",\"url\":\"https:\/\/inspiracapital.com.br\/portal\/\",\"logo\":{\"@type\":\"ImageObject\",\"inLanguage\":\"pt-BR\",\"@id\":\"https:\/\/inspiracapital.com.br\/portal\/#\/schema\/logo\/image\/\",\"url\":\"https:\/\/inspiracapital.com.br\/portal\/wp-content\/uploads\/2024\/09\/Design-sem-nome-2025-12-20T120219.772-scaled.png\",\"contentUrl\":\"https:\/\/inspiracapital.com.br\/portal\/wp-content\/uploads\/2024\/09\/Design-sem-nome-2025-12-20T120219.772-scaled.png\",\"width\":1920,\"height\":2560,\"caption\":\"Inspira Capital\"},\"image\":{\"@id\":\"https:\/\/inspiracapital.com.br\/portal\/#\/schema\/logo\/image\/\"}},{\"@type\":\"Person\",\"@id\":\"https:\/\/inspiracapital.com.br\/portal\/#\/schema\/person\/eced12c0b1a9be9beba9e46914b70f31\",\"name\":\"Ricardo Dias\",\"image\":{\"@type\":\"ImageObject\",\"inLanguage\":\"pt-BR\",\"@id\":\"https:\/\/inspiracapital.com.br\/portal\/#\/schema\/person\/image\/\",\"url\":\"https:\/\/secure.gravatar.com\/avatar\/ae5ae60a9e22bd8677fa2095a679a6b1d4fbefbe2330b52188ba9f3967553ea9?s=96&d=mm&r=g\",\"contentUrl\":\"https:\/\/secure.gravatar.com\/avatar\/ae5ae60a9e22bd8677fa2095a679a6b1d4fbefbe2330b52188ba9f3967553ea9?s=96&d=mm&r=g\",\"caption\":\"Ricardo Dias\"},\"sameAs\":[\"https:\/\/inspiracapital.com.br\/\"],\"url\":\"https:\/\/inspiracapital.com.br\/portal\/author\/ricardo\/\"}]}<\/script>\n<!-- \/ Yoast SEO plugin. -->","yoast_head_json":{"title":"Como ser um bom l\u00edder? | Descubra o passo a passo - Inspira","description":"Um bom l\u00edder deve ter a capacidade de levar as pessoas a atingirem seus objetivos por meio de comandos e coordenadas.","robots":{"index":"index","follow":"follow","max-snippet":"max-snippet:-1","max-image-preview":"max-image-preview:large","max-video-preview":"max-video-preview:-1"},"canonical":"https:\/\/inspiracapital.com.br\/portal\/como-ser-um-bom-lider\/","og_locale":"pt_BR","og_type":"article","og_title":"Como ser um bom l\u00edder? | Descubra o passo a passo - Inspira","og_description":"Um bom l\u00edder deve ter a capacidade de levar as pessoas a atingirem seus objetivos por meio de comandos e coordenadas.","og_url":"https:\/\/inspiracapital.com.br\/portal\/como-ser-um-bom-lider\/","og_site_name":"Portal Inspira Capital","article_published_time":"2023-02-13T17:32:34+00:00","article_modified_time":"2024-02-06T18:13:00+00:00","og_image":[{"width":640,"height":960,"url":"https:\/\/inspiracapital.com.br\/portal\/wp-content\/uploads\/2023\/02\/bom-lider.jpg","type":"image\/jpeg"}],"author":"Ricardo Dias","twitter_card":"summary_large_image","twitter_misc":{"Escrito por":"Ricardo Dias","Est. tempo de leitura":"7 minutos"},"schema":{"@context":"https:\/\/schema.org","@graph":[{"@type":"Article","@id":"https:\/\/inspiracapital.com.br\/portal\/como-ser-um-bom-lider\/#article","isPartOf":{"@id":"https:\/\/inspiracapital.com.br\/portal\/como-ser-um-bom-lider\/"},"author":{"name":"Ricardo Dias","@id":"https:\/\/inspiracapital.com.br\/portal\/#\/schema\/person\/eced12c0b1a9be9beba9e46914b70f31"},"headline":"Voc\u00ea sabe o que \u00e9 necess\u00e1rio para ser um bom l\u00edder?","datePublished":"2023-02-13T17:32:34+00:00","dateModified":"2024-02-06T18:13:00+00:00","mainEntityOfPage":{"@id":"https:\/\/inspiracapital.com.br\/portal\/como-ser-um-bom-lider\/"},"wordCount":1305,"commentCount":1,"publisher":{"@id":"https:\/\/inspiracapital.com.br\/portal\/#organization"},"image":{"@id":"https:\/\/inspiracapital.com.br\/portal\/como-ser-um-bom-lider\/#primaryimage"},"thumbnailUrl":"https:\/\/inspiracapital.com.br\/portal\/wp-content\/uploads\/2023\/02\/bom-lider.jpg","keywords":["comunica\u00e7\u00e3o","criatividade","lider","lideran\u00e7a","respeito"],"articleSection":["Gest\u00e3o de Pessoas","Lideran\u00e7a"],"inLanguage":"pt-BR","potentialAction":[{"@type":"CommentAction","name":"Comment","target":["https:\/\/inspiracapital.com.br\/portal\/como-ser-um-bom-lider\/#respond"]}]},{"@type":"WebPage","@id":"https:\/\/inspiracapital.com.br\/portal\/como-ser-um-bom-lider\/","url":"https:\/\/inspiracapital.com.br\/portal\/como-ser-um-bom-lider\/","name":"Como ser um bom l\u00edder? | Descubra o passo a passo - Inspira","isPartOf":{"@id":"https:\/\/inspiracapital.com.br\/portal\/#website"},"primaryImageOfPage":{"@id":"https:\/\/inspiracapital.com.br\/portal\/como-ser-um-bom-lider\/#primaryimage"},"image":{"@id":"https:\/\/inspiracapital.com.br\/portal\/como-ser-um-bom-lider\/#primaryimage"},"thumbnailUrl":"https:\/\/inspiracapital.com.br\/portal\/wp-content\/uploads\/2023\/02\/bom-lider.jpg","datePublished":"2023-02-13T17:32:34+00:00","dateModified":"2024-02-06T18:13:00+00:00","description":"Um bom l\u00edder deve ter a capacidade de levar as pessoas a atingirem seus objetivos por meio de comandos e coordenadas.","breadcrumb":{"@id":"https:\/\/inspiracapital.com.br\/portal\/como-ser-um-bom-lider\/#breadcrumb"},"inLanguage":"pt-BR","potentialAction":[{"@type":"ReadAction","target":["https:\/\/inspiracapital.com.br\/portal\/como-ser-um-bom-lider\/"]}]},{"@type":"ImageObject","inLanguage":"pt-BR","@id":"https:\/\/inspiracapital.com.br\/portal\/como-ser-um-bom-lider\/#primaryimage","url":"https:\/\/inspiracapital.com.br\/portal\/wp-content\/uploads\/2023\/02\/bom-lider.jpg","contentUrl":"https:\/\/inspiracapital.com.br\/portal\/wp-content\/uploads\/2023\/02\/bom-lider.jpg","width":640,"height":960},{"@type":"BreadcrumbList","@id":"https:\/\/inspiracapital.com.br\/portal\/como-ser-um-bom-lider\/#breadcrumb","itemListElement":[{"@type":"ListItem","position":1,"name":"In\u00edcio","item":"https:\/\/inspiracapital.com.br\/portal\/"},{"@type":"ListItem","position":2,"name":"Voc\u00ea sabe o que \u00e9 necess\u00e1rio para ser um bom l\u00edder?"}]},{"@type":"WebSite","@id":"https:\/\/inspiracapital.com.br\/portal\/#website","url":"https:\/\/inspiracapital.com.br\/portal\/","name":"Portal Inspira Capital","description":"Portal Inspira Capital","publisher":{"@id":"https:\/\/inspiracapital.com.br\/portal\/#organization"},"potentialAction":[{"@type":"SearchAction","target":{"@type":"EntryPoint","urlTemplate":"https:\/\/inspiracapital.com.br\/portal\/?s={search_term_string}"},"query-input":{"@type":"PropertyValueSpecification","valueRequired":true,"valueName":"search_term_string"}}],"inLanguage":"pt-BR"},{"@type":"Organization","@id":"https:\/\/inspiracapital.com.br\/portal\/#organization","name":"Inspira Capital","alternateName":"IC","url":"https:\/\/inspiracapital.com.br\/portal\/","logo":{"@type":"ImageObject","inLanguage":"pt-BR","@id":"https:\/\/inspiracapital.com.br\/portal\/#\/schema\/logo\/image\/","url":"https:\/\/inspiracapital.com.br\/portal\/wp-content\/uploads\/2024\/09\/Design-sem-nome-2025-12-20T120219.772-scaled.png","contentUrl":"https:\/\/inspiracapital.com.br\/portal\/wp-content\/uploads\/2024\/09\/Design-sem-nome-2025-12-20T120219.772-scaled.png","width":1920,"height":2560,"caption":"Inspira Capital"},"image":{"@id":"https:\/\/inspiracapital.com.br\/portal\/#\/schema\/logo\/image\/"}},{"@type":"Person","@id":"https:\/\/inspiracapital.com.br\/portal\/#\/schema\/person\/eced12c0b1a9be9beba9e46914b70f31","name":"Ricardo Dias","image":{"@type":"ImageObject","inLanguage":"pt-BR","@id":"https:\/\/inspiracapital.com.br\/portal\/#\/schema\/person\/image\/","url":"https:\/\/secure.gravatar.com\/avatar\/ae5ae60a9e22bd8677fa2095a679a6b1d4fbefbe2330b52188ba9f3967553ea9?s=96&d=mm&r=g","contentUrl":"https:\/\/secure.gravatar.com\/avatar\/ae5ae60a9e22bd8677fa2095a679a6b1d4fbefbe2330b52188ba9f3967553ea9?s=96&d=mm&r=g","caption":"Ricardo Dias"},"sameAs":["https:\/\/inspiracapital.com.br\/"],"url":"https:\/\/inspiracapital.com.br\/portal\/author\/ricardo\/"}]}},"_links":{"self":[{"href":"https:\/\/inspiracapital.com.br\/portal\/wp-json\/wp\/v2\/posts\/525","targetHints":{"allow":["GET"]}}],"collection":[{"href":"https:\/\/inspiracapital.com.br\/portal\/wp-json\/wp\/v2\/posts"}],"about":[{"href":"https:\/\/inspiracapital.com.br\/portal\/wp-json\/wp\/v2\/types\/post"}],"author":[{"embeddable":true,"href":"https:\/\/inspiracapital.com.br\/portal\/wp-json\/wp\/v2\/users\/3"}],"replies":[{"embeddable":true,"href":"https:\/\/inspiracapital.com.br\/portal\/wp-json\/wp\/v2\/comments?post=525"}],"version-history":[{"count":5,"href":"https:\/\/inspiracapital.com.br\/portal\/wp-json\/wp\/v2\/posts\/525\/revisions"}],"predecessor-version":[{"id":1467,"href":"https:\/\/inspiracapital.com.br\/portal\/wp-json\/wp\/v2\/posts\/525\/revisions\/1467"}],"wp:featuredmedia":[{"embeddable":true,"href":"https:\/\/inspiracapital.com.br\/portal\/wp-json\/wp\/v2\/media\/526"}],"wp:attachment":[{"href":"https:\/\/inspiracapital.com.br\/portal\/wp-json\/wp\/v2\/media?parent=525"}],"wp:term":[{"taxonomy":"category","embeddable":true,"href":"https:\/\/inspiracapital.com.br\/portal\/wp-json\/wp\/v2\/categories?post=525"},{"taxonomy":"post_tag","embeddable":true,"href":"https:\/\/inspiracapital.com.br\/portal\/wp-json\/wp\/v2\/tags?post=525"}],"curies":[{"name":"wp","href":"https:\/\/api.w.org\/{rel}","templated":true}]}}