{"id":506,"date":"2023-02-10T15:12:13","date_gmt":"2023-02-10T15:12:13","guid":{"rendered":"https:\/\/inspiracapital.com.br\/portal\/?p=506"},"modified":"2024-02-06T18:13:09","modified_gmt":"2024-02-06T18:13:09","slug":"inteligencia-emocional","status":"publish","type":"post","link":"https:\/\/inspiracapital.com.br\/portal\/inteligencia-emocional\/","title":{"rendered":"Intelig\u00eancia emocional: vamos entender o que \u00e9 e quais s\u00e3o seus pilares?"},"content":{"rendered":"\n<p>No campo profissional, sabemos que diversos fatores s\u00e3o importantes para que as atribui\u00e7\u00f5es sejam realizadas com sucesso. Entre eles, podemos citar: <a href=\"https:\/\/inspiracapital.com.br\/portal\/matriz-de-eisenhower\/\" target=\"_blank\" rel=\"noreferrer noopener\">organiza\u00e7\u00e3o<\/a>, comunica\u00e7\u00e3o, empenho, pontualidade, entre outros.&nbsp;Por\u00e9m, um conceito que \u00e9 ainda mais importante \u00e9 a intelig\u00eancia emocional.<\/p>\n\n\n\n<p>De forma bem resumida,<strong> a intelig\u00eancia emocional<\/strong> \u00e9 um termo utilizado por profissionais da psicologia que descreve a capacidade de perceber, avaliar e lidar com as emo\u00e7\u00f5es, sejam elas pr\u00f3prias ou de outras pessoas.&nbsp;<\/p>\n\n\n\n<p>O que muitas pessoas ignoram \u00e9 o fato de que o <strong>desenvolvimento da intelig\u00eancia emocional<\/strong> beneficia todas as \u00e1reas da vida &#8211; sejam elas profissionais ou particulares. Saber administrar os sentimentos \u00e9 de extrema import\u00e2ncia para vida como um todo.&nbsp;<\/p>\n\n\n\n<p>Vamos entender como esse conceito funciona? Continue a leitura para saber mais sobre a intelig\u00eancia emocional e seus benef\u00edcios.&nbsp;<\/p>\n\n\n\n<p>Confira os t\u00f3picos deste artigo:&nbsp;&nbsp;<\/p>\n\n\n\n<h2 class=\"wp-block-heading\"><strong>O que \u00e9 intelig\u00eancia emocional?<\/strong>&nbsp;<\/h2>\n\n\n\n<p>Vamos contextualizar um pouco a hist\u00f3ria da <strong>intelig\u00eancia emocional<\/strong>? O termo foi usado pela primeira vez pelos pesquisadores <strong>John Mayer e Peter Salovey<\/strong>, no ano de 1990. Por\u00e9m, foi o jornalista cient\u00edfico Daniel Goleman quem tornou o termo popular e amplamente utilizado nos dias atuais.&nbsp;<\/p>\n\n\n\n<p>No livro \u201c<strong>Intelig\u00eancia Emocional<\/strong>: a teoria revolucion\u00e1ria que redefine o que \u00e9 ser inteligente\u201d, do autor e psic\u00f3logo <strong>Daniel Goleman<\/strong>, nos \u00e9 apresentado um conceito que transformou a maneira de pensarmos a intelig\u00eancia &#8211; comumente classificada pelos testes de quociente de intelig\u00eancia, tamb\u00e9m conhecidos como testes de QI.&nbsp;<\/p>\n\n\n\n<p>Segundo Goleman, ter consci\u00eancia das emo\u00e7\u00f5es \u00e9 importante e necess\u00e1rio para o desenvolvimento da intelig\u00eancia do indiv\u00edduo.&nbsp;<\/p>\n\n\n\n<p>J\u00e1 para os autores Salovey e Mayer, esse conceito \u00e9 definido como &#8220;a capacidade de perceber e exprimir a emo\u00e7\u00e3o, assimil\u00e1-la ao pensamento, compreender e raciocinar com ela, e saber regul\u00e1-la em si pr\u00f3prio e nos outros&#8221;.&nbsp;<\/p>\n\n\n\n<p>Como j\u00e1 dissemos anteriormente, esse \u00e9 um conceito da Psicologia que descreve a capacidade de perceber, avaliar e lidar com as emo\u00e7\u00f5es, sejam elas pr\u00f3prias ou de outras pessoas.&nbsp;<\/p>\n\n\n\n<p>Ao contr\u00e1rio do quociente de intelig\u00eancia, a <strong>intelig\u00eancia emocional<\/strong>, tamb\u00e9m conhecida como IE, n\u00e3o tem a ver com conhecimento intelectual, cient\u00edfico ou acad\u00eamico.&nbsp;<\/p>\n\n\n\n<p>Ao reconhecer e lidar com sentimentos e emo\u00e7\u00f5es, com o prop\u00f3sito de desenvolvimento pessoal e profissional, voc\u00ea consegue compreender melhor os sentimentos e como administr\u00e1-los.&nbsp;<\/p>\n\n\n\n<p>Quando essa habilidade \u00e9 bem desenvolvida, muitos benef\u00edcios s\u00e3o acarretados. Apesar de falar melhor desse assunto em outro t\u00f3pico do texto, podemos adiantar que uma boa <strong>intelig\u00eancia emocional<\/strong> promove bons relacionamentos entre as pessoas, nos d\u00e1 uma melhor compreens\u00e3o das rela\u00e7\u00f5es pessoais e permite melhores intera\u00e7\u00f5es (e comunica\u00e7\u00e3o) no local de trabalho.&nbsp;<\/p>\n\n\n\n<p>As pessoas que desenvolvem com sucesso esse tipo de intelig\u00eancia s\u00e3o cada vez mais valorizadas, principalmente no mercado de trabalho. Isso ocorre, pois, conhecer as pr\u00f3prias limita\u00e7\u00f5es e se esfor\u00e7ar para entender os sentimentos dos outros s\u00e3o habilidades dispon\u00edveis apenas para aqueles que buscam a excel\u00eancia e est\u00e3o constantemente vigilantes.&nbsp;<\/p>\n\n\n\n<p>Agora que voc\u00ea j\u00e1 sabe o que \u00e9 <strong>intelig\u00eancia emocional<\/strong>, vamos entender quais s\u00e3o os cincos pilares da intelig\u00eancia emocional segundo Goleman?&nbsp;<\/p>\n\n\n\n<h2 class=\"wp-block-heading\"><strong>Quais s\u00e3o os cinco pilares da intelig\u00eancia emocional?<\/strong>&nbsp;<\/h2>\n\n\n\n<p>De nada adianta saber a teoria se n\u00e3o praticamos no dia a dia. Entender os <strong>cinco pilares da intelig\u00eancia emocional <\/strong>\u00e9 o primeiro passo para que ela seja desenvolvida e que voc\u00ea consiga ter maior controle das pr\u00f3prias emo\u00e7\u00f5es.&nbsp;<\/p>\n\n\n\n<p>Na obra \u201c<strong>Intelig\u00eancia Emocional<\/strong>: a teoria revolucion\u00e1ria que redefine o que \u00e9 ser inteligente\u201d, <a href=\"https:\/\/pt.wikipedia.org\/wiki\/Daniel_Goleman\" target=\"_blank\" rel=\"noreferrer noopener\">Daniel Goleman<\/a> apontou que cinco pilares s\u00e3o de extrema import\u00e2ncia para o sucesso nos relacionamentos interpessoais e no trabalho. Vamos conhecer eles um a um?&nbsp;<\/p>\n\n\n\n<h3 class=\"wp-block-heading\"><strong>Conhecer as pr\u00f3prias emo\u00e7\u00f5es<\/strong>&nbsp;<\/h3>\n\n\n\n<p>O primeiro passo \u00e9 se conhecer e analisar suas emo\u00e7\u00f5es e rea\u00e7\u00f5es aos est\u00edmulos. <strong>Saber reconhecer e rotular as emo\u00e7\u00f5es<\/strong> que sentimos \u00e9 um \u00f3timo primeiro exerc\u00edcio para desenvolver a <strong>intelig\u00eancia emocional<\/strong>.&nbsp;<\/p>\n\n\n\n<h3 class=\"wp-block-heading\"><strong>Controlar as emo\u00e7\u00f5es<\/strong>&nbsp;<\/h3>\n\n\n\n<p>Lidar com as emo\u00e7\u00f5es se baseia em conhec\u00ea-las. Ou seja, depois de entender e reconhecer os seus sentimentos, chegou o momento de voc\u00ea trabalh\u00e1-los.&nbsp;<\/p>\n\n\n\n<p>Aprender a administrar e<strong> controlar suas emo\u00e7\u00f5es<\/strong> o guiar\u00e1 na dire\u00e7\u00e3o certa dependendo da situa\u00e7\u00e3o, al\u00e9m de fazer toda a diferen\u00e7a entre o equil\u00edbrio e o desequil\u00edbrio.&nbsp;<\/p>\n\n\n\n<h3 class=\"wp-block-heading\"><strong>Automotiva\u00e7\u00e3o<\/strong>&nbsp;<\/h3>\n\n\n\n<p>N\u00e3o \u00e9 novidade que pensar antes de agir \u00e9 o caminho para que tudo seja resolvido de forma mais tranquila e equilibrada. E, \u00e9 exatamente isso que esse passo fala. Aprender a administrar e racionalizar suas emo\u00e7\u00f5es antes de tomar decis\u00f5es traz muitos benef\u00edcios, como a redu\u00e7\u00e3o de conflitos &#8211; internos ou externos.&nbsp;<\/p>\n\n\n\n<p>Por\u00e9m, voltar aos velhos h\u00e1bitos \u00e9 muito f\u00e1cil de acontecer \u2013 inclusive, acontece com todo mundo. O que n\u00e3o pode acontecer \u00e9 acreditar que \u00e9 imposs\u00edvel mudar. Quando estamos focados na mudan\u00e7a, ela acontece e, por isso, a <strong>automotiva\u00e7\u00e3o <\/strong>\u00e9 essencial.&nbsp;<\/p>\n\n\n\n<h3 class=\"wp-block-heading\"><strong>Empatia<\/strong>&nbsp;<\/h3>\n\n\n\n<p>Tente se colocar no lugar de outra pessoa. Isso \u00e9 <strong>empatia<\/strong>. Aprender a ter empatia com os outros, reconhecer suas emo\u00e7\u00f5es e entender seu comportamento nos torna mais sens\u00edveis e abertos.&nbsp;<\/p>\n\n\n\n<p>A empatia \u00e9 importante porque fortalece os relacionamentos e permite que voc\u00ea veja as coisas do ponto de vista de outra pessoa. Desenvolver melhores relacionamentos com os outros e entender as necessidades e motiva\u00e7\u00f5es de cada um s\u00e3o fundamentais para viver em sociedade.&nbsp;<\/p>\n\n\n\n<h3 class=\"wp-block-heading\"><strong>Saber se relacionar interpessoalmente<\/strong>&nbsp;<\/h3>\n\n\n\n<p>Chegamos ao passo final. Outro ponto chave para o sucesso \u00e9 saber ter boas rela\u00e7\u00f5es, tanto no \u00e2mbito familiar quanto no profissional. Ser capaz de gerenciar socialmente e conviver com grupos \u00e9 um dos pilares da intelig\u00eancia emocional.&nbsp;<\/p>\n\n\n\n<p>Esta \u00e9, sem d\u00favidas, uma das maneiras mais eficazes de criar um ambiente positivo ao seu redor e construir relacionamentos baseados no respeito e na empatia.&nbsp;<\/p>\n\n\n\n<p>Mas como posso utilizar a intelig\u00eancia emocional no trabalho? Continue a leitura para responder essa pergunta.&nbsp;<\/p>\n\n\n\n<h2 class=\"wp-block-heading\"><strong>Como utilizar a intelig\u00eancia emocional no trabalho?<\/strong>&nbsp;<\/h2>\n\n\n\n<p>Depois de reconhecer suas emo\u00e7\u00f5es e sentimentos, voc\u00ea pode adapt\u00e1-los \u00e0s diferentes situa\u00e7\u00f5es que est\u00e1 vivenciando. No ambiente de trabalho, por exemplo, a empatia \u00e9 essencial para que haja bom contato entre as equipes e colaboradores.&nbsp;<\/p>\n\n\n\n<p>Respeito e empatia no ambiente de trabalho s\u00e3o qualidades fundamentais nas rela\u00e7\u00f5es interpessoais, ainda mais quando falamos sobre trabalho em equipe.&nbsp;<\/p>\n\n\n\n<p>Certamente um dos pontos mais importantes \u00e9 que o <strong>controle das emo\u00e7\u00f5es<\/strong> pode facilitar ou remover barreiras para entender as diferen\u00e7as e encontrar as melhores maneiras de resolver os conflitos &#8211; de uma maneira eficaz.&nbsp;<\/p>\n\n\n\n<p>Com isso, a intelig\u00eancia emocional se mostra importante para a boa comunica\u00e7\u00e3o e na realiza\u00e7\u00e3o de tarefas, al\u00e9m de ter um papel essencial no que diz respeito aos debates relacionados \u00e0s diverg\u00eancias.&nbsp;<\/p>\n\n\n\n<p>Vamos listar quais s\u00e3o os benef\u00edcios de desenvolver a intelig\u00eancia emocional?&nbsp;<\/p>\n\n\n\n<h2 class=\"wp-block-heading\"><strong>Benef\u00edcios de desenvolver a intelig\u00eancia emocional<\/strong>&nbsp;<\/h2>\n\n\n\n<p>A <strong>intelig\u00eancia emocional<\/strong> se tornou um pilar para o sucesso das empresas e suas atividades, lideran\u00e7as, organiza\u00e7\u00f5es, lideran\u00e7a e colaboradores. Isso \u00e9 um fato.&nbsp;<\/p>\n\n\n\n<p>Mas \u00e9 importante lembrar que a intelig\u00eancia emocional n\u00e3o deve ser encarada como &#8220;algo para o mercado de trabalho&#8221;. Ela \u00e9 essencial para o autoconhecimento, para o desenvolvimento do equil\u00edbrio emocional, entre diversas vantagens.&nbsp;<\/p>\n\n\n\n<p>Veja quais s\u00e3o as<strong> principais vantagens<\/strong> de desenvolver a intelig\u00eancia emocional:&nbsp;<\/p>\n\n\n\n<ul class=\"wp-block-list\">\n<li><strong>Consci\u00eancia emocional;<\/strong>&nbsp;<\/li>\n\n\n\n<li><strong>Desenvolvimento de empatia;<\/strong>&nbsp;<\/li>\n\n\n\n<li><strong>Melhor comunica\u00e7\u00e3o;<\/strong>&nbsp;<\/li>\n\n\n\n<li><strong>Diminui\u00e7\u00e3o de estresse;<\/strong>&nbsp;<\/li>\n\n\n\n<li><strong>Melhora nos relacionamentos;<\/strong>&nbsp;<\/li>\n\n\n\n<li><strong>Maior equil\u00edbrio emocional.<\/strong>&nbsp;<\/li>\n<\/ul>\n\n\n\n<p>J\u00e1 conhecia esse conceito? Voc\u00ea pode conhecer mais a fundo lendo o livro \u201cIntelig\u00eancia Emocional: a teoria revolucion\u00e1ria que redefine o que \u00e9 ser inteligente\u201d, de Daniel Goleman.\u00a0<\/p>\n\n\n\n<div class=\"wp-block-buttons is-content-justification-center is-layout-flex wp-container-core-buttons-is-layout-a89b3969 wp-block-buttons-is-layout-flex\">\n<div class=\"wp-block-button\"><a class=\"wp-block-button__link has-white-color has-text-color has-background wp-element-button\" href=\"https:\/\/api.whatsapp.com\/send\/?phone=5511997618764&amp;text&amp;type=phone_number&amp;app_absent=0\" style=\"background-color:#ee8f2f\" target=\"_blank\" rel=\"noreferrer noopener\"><strong>ENTRE EM CONTATO<\/strong><\/a><\/div>\n<\/div>\n","protected":false},"excerpt":{"rendered":"<p> O desenvolvimento da intelig\u00eancia emocional beneficia todas as \u00e1reas da vida &#8211; sejam elas profissionais ou particulares. <\/p>\n","protected":false},"author":3,"featured_media":512,"comment_status":"open","ping_status":"open","sticky":false,"template":"","format":"standard","meta":{"footnotes":""},"categories":[35],"tags":[111,112,109,108,110],"class_list":["post-506","post","type-post","status-publish","format-standard","has-post-thumbnail","hentry","category-produtividade","tag-controle","tag-desenvolvimento","tag-emocoes","tag-inteligencia-emocional","tag-relacionamentos"],"yoast_head":"<!-- This site is optimized with the Yoast SEO plugin v27.1.1 - https:\/\/yoast.com\/product\/yoast-seo-wordpress\/ -->\n<title>Intelig\u00eancia emocional: O que \u00e9, e como desenvolver? - Inspira<\/title>\n<meta name=\"description\" content=\"O desenvolvimento da intelig\u00eancia emocional beneficia todas as \u00e1reas da vida - sejam elas profissionais ou particulares. [Guia Completo].\" \/>\n<meta name=\"robots\" content=\"index, follow, max-snippet:-1, max-image-preview:large, max-video-preview:-1\" \/>\n<link rel=\"canonical\" href=\"https:\/\/inspiracapital.com.br\/portal\/inteligencia-emocional\/\" \/>\n<meta property=\"og:locale\" content=\"pt_BR\" \/>\n<meta property=\"og:type\" content=\"article\" \/>\n<meta property=\"og:title\" content=\"Intelig\u00eancia emocional: O que \u00e9, e como desenvolver? - Inspira\" \/>\n<meta property=\"og:description\" content=\"O desenvolvimento da intelig\u00eancia emocional beneficia todas as \u00e1reas da vida - sejam elas profissionais ou particulares. [Guia Completo].\" \/>\n<meta property=\"og:url\" content=\"https:\/\/inspiracapital.com.br\/portal\/inteligencia-emocional\/\" \/>\n<meta property=\"og:site_name\" content=\"Portal Inspira Capital\" \/>\n<meta property=\"article:published_time\" content=\"2023-02-10T15:12:13+00:00\" \/>\n<meta property=\"article:modified_time\" content=\"2024-02-06T18:13:09+00:00\" \/>\n<meta property=\"og:image\" content=\"https:\/\/inspiracapital.com.br\/portal\/wp-content\/uploads\/2023\/02\/inteligencia-emocional.jpg\" \/>\n\t<meta property=\"og:image:width\" content=\"640\" \/>\n\t<meta property=\"og:image:height\" content=\"486\" \/>\n\t<meta property=\"og:image:type\" content=\"image\/jpeg\" \/>\n<meta name=\"author\" content=\"Ricardo Dias\" \/>\n<meta name=\"twitter:card\" content=\"summary_large_image\" \/>\n<meta name=\"twitter:label1\" content=\"Escrito por\" \/>\n\t<meta name=\"twitter:data1\" content=\"Ricardo Dias\" \/>\n\t<meta name=\"twitter:label2\" content=\"Est. tempo de leitura\" \/>\n\t<meta name=\"twitter:data2\" content=\"7 minutos\" \/>\n<script type=\"application\/ld+json\" class=\"yoast-schema-graph\">{\"@context\":\"https:\/\/schema.org\",\"@graph\":[{\"@type\":\"Article\",\"@id\":\"https:\/\/inspiracapital.com.br\/portal\/inteligencia-emocional\/#article\",\"isPartOf\":{\"@id\":\"https:\/\/inspiracapital.com.br\/portal\/inteligencia-emocional\/\"},\"author\":{\"name\":\"Ricardo Dias\",\"@id\":\"https:\/\/inspiracapital.com.br\/portal\/#\/schema\/person\/eced12c0b1a9be9beba9e46914b70f31\"},\"headline\":\"Intelig\u00eancia emocional: vamos entender o que \u00e9 e quais s\u00e3o seus pilares?\",\"datePublished\":\"2023-02-10T15:12:13+00:00\",\"dateModified\":\"2024-02-06T18:13:09+00:00\",\"mainEntityOfPage\":{\"@id\":\"https:\/\/inspiracapital.com.br\/portal\/inteligencia-emocional\/\"},\"wordCount\":1360,\"commentCount\":3,\"publisher\":{\"@id\":\"https:\/\/inspiracapital.com.br\/portal\/#organization\"},\"image\":{\"@id\":\"https:\/\/inspiracapital.com.br\/portal\/inteligencia-emocional\/#primaryimage\"},\"thumbnailUrl\":\"https:\/\/inspiracapital.com.br\/portal\/wp-content\/uploads\/2023\/02\/inteligencia-emocional.jpg\",\"keywords\":[\"controle\",\"desenvolvimento\",\"emo\u00e7\u00f5es\",\"intelig\u00eancia emocional\",\"relacionamentos\"],\"articleSection\":[\"Produtividade\"],\"inLanguage\":\"pt-BR\",\"potentialAction\":[{\"@type\":\"CommentAction\",\"name\":\"Comment\",\"target\":[\"https:\/\/inspiracapital.com.br\/portal\/inteligencia-emocional\/#respond\"]}]},{\"@type\":\"WebPage\",\"@id\":\"https:\/\/inspiracapital.com.br\/portal\/inteligencia-emocional\/\",\"url\":\"https:\/\/inspiracapital.com.br\/portal\/inteligencia-emocional\/\",\"name\":\"Intelig\u00eancia emocional: O que \u00e9, e como desenvolver? - Inspira\",\"isPartOf\":{\"@id\":\"https:\/\/inspiracapital.com.br\/portal\/#website\"},\"primaryImageOfPage\":{\"@id\":\"https:\/\/inspiracapital.com.br\/portal\/inteligencia-emocional\/#primaryimage\"},\"image\":{\"@id\":\"https:\/\/inspiracapital.com.br\/portal\/inteligencia-emocional\/#primaryimage\"},\"thumbnailUrl\":\"https:\/\/inspiracapital.com.br\/portal\/wp-content\/uploads\/2023\/02\/inteligencia-emocional.jpg\",\"datePublished\":\"2023-02-10T15:12:13+00:00\",\"dateModified\":\"2024-02-06T18:13:09+00:00\",\"description\":\"O desenvolvimento da intelig\u00eancia emocional beneficia todas as \u00e1reas da vida - sejam elas profissionais ou particulares. [Guia Completo].\",\"breadcrumb\":{\"@id\":\"https:\/\/inspiracapital.com.br\/portal\/inteligencia-emocional\/#breadcrumb\"},\"inLanguage\":\"pt-BR\",\"potentialAction\":[{\"@type\":\"ReadAction\",\"target\":[\"https:\/\/inspiracapital.com.br\/portal\/inteligencia-emocional\/\"]}]},{\"@type\":\"ImageObject\",\"inLanguage\":\"pt-BR\",\"@id\":\"https:\/\/inspiracapital.com.br\/portal\/inteligencia-emocional\/#primaryimage\",\"url\":\"https:\/\/inspiracapital.com.br\/portal\/wp-content\/uploads\/2023\/02\/inteligencia-emocional.jpg\",\"contentUrl\":\"https:\/\/inspiracapital.com.br\/portal\/wp-content\/uploads\/2023\/02\/inteligencia-emocional.jpg\",\"width\":640,\"height\":486,\"caption\":\"Intelig\u00eancia emocional: vamos entender o que \u00e9 e quais s\u00e3o seus pilares?\"},{\"@type\":\"BreadcrumbList\",\"@id\":\"https:\/\/inspiracapital.com.br\/portal\/inteligencia-emocional\/#breadcrumb\",\"itemListElement\":[{\"@type\":\"ListItem\",\"position\":1,\"name\":\"In\u00edcio\",\"item\":\"https:\/\/inspiracapital.com.br\/portal\/\"},{\"@type\":\"ListItem\",\"position\":2,\"name\":\"Intelig\u00eancia emocional: vamos entender o que \u00e9 e quais s\u00e3o seus pilares?\"}]},{\"@type\":\"WebSite\",\"@id\":\"https:\/\/inspiracapital.com.br\/portal\/#website\",\"url\":\"https:\/\/inspiracapital.com.br\/portal\/\",\"name\":\"Portal Inspira Capital\",\"description\":\"Portal Inspira Capital\",\"publisher\":{\"@id\":\"https:\/\/inspiracapital.com.br\/portal\/#organization\"},\"potentialAction\":[{\"@type\":\"SearchAction\",\"target\":{\"@type\":\"EntryPoint\",\"urlTemplate\":\"https:\/\/inspiracapital.com.br\/portal\/?s={search_term_string}\"},\"query-input\":{\"@type\":\"PropertyValueSpecification\",\"valueRequired\":true,\"valueName\":\"search_term_string\"}}],\"inLanguage\":\"pt-BR\"},{\"@type\":\"Organization\",\"@id\":\"https:\/\/inspiracapital.com.br\/portal\/#organization\",\"name\":\"Inspira Capital\",\"alternateName\":\"IC\",\"url\":\"https:\/\/inspiracapital.com.br\/portal\/\",\"logo\":{\"@type\":\"ImageObject\",\"inLanguage\":\"pt-BR\",\"@id\":\"https:\/\/inspiracapital.com.br\/portal\/#\/schema\/logo\/image\/\",\"url\":\"https:\/\/inspiracapital.com.br\/portal\/wp-content\/uploads\/2024\/09\/Design-sem-nome-2025-12-20T120219.772-scaled.png\",\"contentUrl\":\"https:\/\/inspiracapital.com.br\/portal\/wp-content\/uploads\/2024\/09\/Design-sem-nome-2025-12-20T120219.772-scaled.png\",\"width\":1920,\"height\":2560,\"caption\":\"Inspira Capital\"},\"image\":{\"@id\":\"https:\/\/inspiracapital.com.br\/portal\/#\/schema\/logo\/image\/\"}},{\"@type\":\"Person\",\"@id\":\"https:\/\/inspiracapital.com.br\/portal\/#\/schema\/person\/eced12c0b1a9be9beba9e46914b70f31\",\"name\":\"Ricardo Dias\",\"image\":{\"@type\":\"ImageObject\",\"inLanguage\":\"pt-BR\",\"@id\":\"https:\/\/inspiracapital.com.br\/portal\/#\/schema\/person\/image\/\",\"url\":\"https:\/\/secure.gravatar.com\/avatar\/ae5ae60a9e22bd8677fa2095a679a6b1d4fbefbe2330b52188ba9f3967553ea9?s=96&d=mm&r=g\",\"contentUrl\":\"https:\/\/secure.gravatar.com\/avatar\/ae5ae60a9e22bd8677fa2095a679a6b1d4fbefbe2330b52188ba9f3967553ea9?s=96&d=mm&r=g\",\"caption\":\"Ricardo Dias\"},\"sameAs\":[\"https:\/\/inspiracapital.com.br\/\"],\"url\":\"https:\/\/inspiracapital.com.br\/portal\/author\/ricardo\/\"}]}<\/script>\n<!-- \/ Yoast SEO plugin. -->","yoast_head_json":{"title":"Intelig\u00eancia emocional: O que \u00e9, e como desenvolver? - Inspira","description":"O desenvolvimento da intelig\u00eancia emocional beneficia todas as \u00e1reas da vida - sejam elas profissionais ou particulares. [Guia Completo].","robots":{"index":"index","follow":"follow","max-snippet":"max-snippet:-1","max-image-preview":"max-image-preview:large","max-video-preview":"max-video-preview:-1"},"canonical":"https:\/\/inspiracapital.com.br\/portal\/inteligencia-emocional\/","og_locale":"pt_BR","og_type":"article","og_title":"Intelig\u00eancia emocional: O que \u00e9, e como desenvolver? - Inspira","og_description":"O desenvolvimento da intelig\u00eancia emocional beneficia todas as \u00e1reas da vida - sejam elas profissionais ou particulares. [Guia Completo].","og_url":"https:\/\/inspiracapital.com.br\/portal\/inteligencia-emocional\/","og_site_name":"Portal Inspira Capital","article_published_time":"2023-02-10T15:12:13+00:00","article_modified_time":"2024-02-06T18:13:09+00:00","og_image":[{"width":640,"height":486,"url":"https:\/\/inspiracapital.com.br\/portal\/wp-content\/uploads\/2023\/02\/inteligencia-emocional.jpg","type":"image\/jpeg"}],"author":"Ricardo Dias","twitter_card":"summary_large_image","twitter_misc":{"Escrito por":"Ricardo Dias","Est. tempo de leitura":"7 minutos"},"schema":{"@context":"https:\/\/schema.org","@graph":[{"@type":"Article","@id":"https:\/\/inspiracapital.com.br\/portal\/inteligencia-emocional\/#article","isPartOf":{"@id":"https:\/\/inspiracapital.com.br\/portal\/inteligencia-emocional\/"},"author":{"name":"Ricardo Dias","@id":"https:\/\/inspiracapital.com.br\/portal\/#\/schema\/person\/eced12c0b1a9be9beba9e46914b70f31"},"headline":"Intelig\u00eancia emocional: vamos entender o que \u00e9 e quais s\u00e3o seus pilares?","datePublished":"2023-02-10T15:12:13+00:00","dateModified":"2024-02-06T18:13:09+00:00","mainEntityOfPage":{"@id":"https:\/\/inspiracapital.com.br\/portal\/inteligencia-emocional\/"},"wordCount":1360,"commentCount":3,"publisher":{"@id":"https:\/\/inspiracapital.com.br\/portal\/#organization"},"image":{"@id":"https:\/\/inspiracapital.com.br\/portal\/inteligencia-emocional\/#primaryimage"},"thumbnailUrl":"https:\/\/inspiracapital.com.br\/portal\/wp-content\/uploads\/2023\/02\/inteligencia-emocional.jpg","keywords":["controle","desenvolvimento","emo\u00e7\u00f5es","intelig\u00eancia emocional","relacionamentos"],"articleSection":["Produtividade"],"inLanguage":"pt-BR","potentialAction":[{"@type":"CommentAction","name":"Comment","target":["https:\/\/inspiracapital.com.br\/portal\/inteligencia-emocional\/#respond"]}]},{"@type":"WebPage","@id":"https:\/\/inspiracapital.com.br\/portal\/inteligencia-emocional\/","url":"https:\/\/inspiracapital.com.br\/portal\/inteligencia-emocional\/","name":"Intelig\u00eancia emocional: O que \u00e9, e como desenvolver? - Inspira","isPartOf":{"@id":"https:\/\/inspiracapital.com.br\/portal\/#website"},"primaryImageOfPage":{"@id":"https:\/\/inspiracapital.com.br\/portal\/inteligencia-emocional\/#primaryimage"},"image":{"@id":"https:\/\/inspiracapital.com.br\/portal\/inteligencia-emocional\/#primaryimage"},"thumbnailUrl":"https:\/\/inspiracapital.com.br\/portal\/wp-content\/uploads\/2023\/02\/inteligencia-emocional.jpg","datePublished":"2023-02-10T15:12:13+00:00","dateModified":"2024-02-06T18:13:09+00:00","description":"O desenvolvimento da intelig\u00eancia emocional beneficia todas as \u00e1reas da vida - sejam elas profissionais ou particulares. [Guia Completo].","breadcrumb":{"@id":"https:\/\/inspiracapital.com.br\/portal\/inteligencia-emocional\/#breadcrumb"},"inLanguage":"pt-BR","potentialAction":[{"@type":"ReadAction","target":["https:\/\/inspiracapital.com.br\/portal\/inteligencia-emocional\/"]}]},{"@type":"ImageObject","inLanguage":"pt-BR","@id":"https:\/\/inspiracapital.com.br\/portal\/inteligencia-emocional\/#primaryimage","url":"https:\/\/inspiracapital.com.br\/portal\/wp-content\/uploads\/2023\/02\/inteligencia-emocional.jpg","contentUrl":"https:\/\/inspiracapital.com.br\/portal\/wp-content\/uploads\/2023\/02\/inteligencia-emocional.jpg","width":640,"height":486,"caption":"Intelig\u00eancia emocional: vamos entender o que \u00e9 e quais s\u00e3o seus pilares?"},{"@type":"BreadcrumbList","@id":"https:\/\/inspiracapital.com.br\/portal\/inteligencia-emocional\/#breadcrumb","itemListElement":[{"@type":"ListItem","position":1,"name":"In\u00edcio","item":"https:\/\/inspiracapital.com.br\/portal\/"},{"@type":"ListItem","position":2,"name":"Intelig\u00eancia emocional: vamos entender o que \u00e9 e quais s\u00e3o seus pilares?"}]},{"@type":"WebSite","@id":"https:\/\/inspiracapital.com.br\/portal\/#website","url":"https:\/\/inspiracapital.com.br\/portal\/","name":"Portal Inspira Capital","description":"Portal Inspira Capital","publisher":{"@id":"https:\/\/inspiracapital.com.br\/portal\/#organization"},"potentialAction":[{"@type":"SearchAction","target":{"@type":"EntryPoint","urlTemplate":"https:\/\/inspiracapital.com.br\/portal\/?s={search_term_string}"},"query-input":{"@type":"PropertyValueSpecification","valueRequired":true,"valueName":"search_term_string"}}],"inLanguage":"pt-BR"},{"@type":"Organization","@id":"https:\/\/inspiracapital.com.br\/portal\/#organization","name":"Inspira Capital","alternateName":"IC","url":"https:\/\/inspiracapital.com.br\/portal\/","logo":{"@type":"ImageObject","inLanguage":"pt-BR","@id":"https:\/\/inspiracapital.com.br\/portal\/#\/schema\/logo\/image\/","url":"https:\/\/inspiracapital.com.br\/portal\/wp-content\/uploads\/2024\/09\/Design-sem-nome-2025-12-20T120219.772-scaled.png","contentUrl":"https:\/\/inspiracapital.com.br\/portal\/wp-content\/uploads\/2024\/09\/Design-sem-nome-2025-12-20T120219.772-scaled.png","width":1920,"height":2560,"caption":"Inspira Capital"},"image":{"@id":"https:\/\/inspiracapital.com.br\/portal\/#\/schema\/logo\/image\/"}},{"@type":"Person","@id":"https:\/\/inspiracapital.com.br\/portal\/#\/schema\/person\/eced12c0b1a9be9beba9e46914b70f31","name":"Ricardo Dias","image":{"@type":"ImageObject","inLanguage":"pt-BR","@id":"https:\/\/inspiracapital.com.br\/portal\/#\/schema\/person\/image\/","url":"https:\/\/secure.gravatar.com\/avatar\/ae5ae60a9e22bd8677fa2095a679a6b1d4fbefbe2330b52188ba9f3967553ea9?s=96&d=mm&r=g","contentUrl":"https:\/\/secure.gravatar.com\/avatar\/ae5ae60a9e22bd8677fa2095a679a6b1d4fbefbe2330b52188ba9f3967553ea9?s=96&d=mm&r=g","caption":"Ricardo Dias"},"sameAs":["https:\/\/inspiracapital.com.br\/"],"url":"https:\/\/inspiracapital.com.br\/portal\/author\/ricardo\/"}]}},"_links":{"self":[{"href":"https:\/\/inspiracapital.com.br\/portal\/wp-json\/wp\/v2\/posts\/506","targetHints":{"allow":["GET"]}}],"collection":[{"href":"https:\/\/inspiracapital.com.br\/portal\/wp-json\/wp\/v2\/posts"}],"about":[{"href":"https:\/\/inspiracapital.com.br\/portal\/wp-json\/wp\/v2\/types\/post"}],"author":[{"embeddable":true,"href":"https:\/\/inspiracapital.com.br\/portal\/wp-json\/wp\/v2\/users\/3"}],"replies":[{"embeddable":true,"href":"https:\/\/inspiracapital.com.br\/portal\/wp-json\/wp\/v2\/comments?post=506"}],"version-history":[{"count":4,"href":"https:\/\/inspiracapital.com.br\/portal\/wp-json\/wp\/v2\/posts\/506\/revisions"}],"predecessor-version":[{"id":1468,"href":"https:\/\/inspiracapital.com.br\/portal\/wp-json\/wp\/v2\/posts\/506\/revisions\/1468"}],"wp:featuredmedia":[{"embeddable":true,"href":"https:\/\/inspiracapital.com.br\/portal\/wp-json\/wp\/v2\/media\/512"}],"wp:attachment":[{"href":"https:\/\/inspiracapital.com.br\/portal\/wp-json\/wp\/v2\/media?parent=506"}],"wp:term":[{"taxonomy":"category","embeddable":true,"href":"https:\/\/inspiracapital.com.br\/portal\/wp-json\/wp\/v2\/categories?post=506"},{"taxonomy":"post_tag","embeddable":true,"href":"https:\/\/inspiracapital.com.br\/portal\/wp-json\/wp\/v2\/tags?post=506"}],"curies":[{"name":"wp","href":"https:\/\/api.w.org\/{rel}","templated":true}]}}